{"id":2122,"date":"2016-02-18T08:08:23","date_gmt":"2016-02-18T08:08:23","guid":{"rendered":"http:\/\/centralmedia.rs\/?p=2122"},"modified":"2016-02-18T08:08:23","modified_gmt":"2016-02-18T08:08:23","slug":"sudenje-kadetima-negirali-aktiviranje-granate","status":"publish","type":"post","link":"https:\/\/centralmedia.rs\/index.php\/2016\/02\/18\/sudenje-kadetima-negirali-aktiviranje-granate\/","title":{"rendered":"SU\u0110ENJE KADETIMA &#8211; NEGIRALI  AKTIVIRANJE  GRANATE"},"content":{"rendered":"<p>DESPOTOVAC- Biv\u0161i kadeti Vojske Srbiji Mladen Milosavljevi\u0107 iz Aleksinca, Stefan Milosavljevi\u0107 iz Novog Sada, Nikola Garabinovi\u0107 iz \u0160apca i Milan Kari\u0161ik iz Hajdu\u010dice negirali su svaku vezu sa aktiviranjem bojeve  granate u junu 2011 godine na poligonu Pasuljanske livade prilikom vojne ve\u017ebe kada su poginule njihove kolege  Filipa Milojevi\u0107 (24) i Milina Mileti\u0107 (23). Oni se terete za krivi\u010dno delo izazivanje op\u0161te opasnosti i ju\u010de su u Osnovnom sudu u Despotovcu dali detalju odbranu.<br \/>\n<figure id=\"attachment_2124\" aria-describedby=\"caption-attachment-2124\" style=\"width: 227px\" class=\"wp-caption alignnone\"><a href=\"https:\/\/centralmedia.rs\/wp-content\/uploads\/2016\/02\/tomislav-milojevic-despotoavac-g.j..jpg\" rel=\"attachment wp-att-2124\"><img loading=\"lazy\" decoding=\"async\" src=\"https:\/\/centralmedia.rs\/wp-content\/uploads\/2016\/02\/tomislav-milojevic-despotoavac-g.j.-227x300.jpg\" alt=\"Tomislav Milojevi\u0107\" width=\"227\" height=\"300\" class=\"size-medium wp-image-2124\" srcset=\"https:\/\/centralmedia.rs\/wp-content\/uploads\/2016\/02\/tomislav-milojevic-despotoavac-g.j.-227x300.jpg 227w, https:\/\/centralmedia.rs\/wp-content\/uploads\/2016\/02\/tomislav-milojevic-despotoavac-g.j..jpg 682w\" sizes=\"(max-width: 227px) 100vw, 227px\" \/><\/a><figcaption id=\"caption-attachment-2124\" class=\"wp-caption-text\">Tomislav Milojevi\u0107<\/figcaption><\/figure><br \/>\n\t-Odbrana ide na varijantu da je Filip bacio granatu koju njegove kolege kadeti nisu videli u ruci. \u010cak su negirali postojanje bojevog projektila, ve\u0107 su  kazali da je re\u010d o ve\u017ebovnom ili nekom zar\u0111alom gvo\u017e\u0111u, rekao je Tomislav Milojevi\u0107, otac tragi\u010dno stradalog Filipa i dodaje da \u0107e svedoci potvrde ili ne potvrde izjave kadeta ko je kriv, a ko nije. Glavna je uloga svedoka, kao i ve\u0161taka, jer su kadeti negirali krivicu. Moja je \u017eelja da sud donese pravednu odluku.<br \/>\n<figure id=\"attachment_2125\" aria-describedby=\"caption-attachment-2125\" style=\"width: 300px\" class=\"wp-caption alignnone\"><a href=\"https:\/\/centralmedia.rs\/wp-content\/uploads\/2016\/02\/bozo-prelevic-despotovac-g.j..jpg\" rel=\"attachment wp-att-2125\"><img loading=\"lazy\" decoding=\"async\" src=\"https:\/\/centralmedia.rs\/wp-content\/uploads\/2016\/02\/bozo-prelevic-despotovac-g.j.-300x225.jpg\" alt=\"Bo\u017eo Prelevi\u0107\" width=\"300\" height=\"225\" class=\"size-medium wp-image-2125\" srcset=\"https:\/\/centralmedia.rs\/wp-content\/uploads\/2016\/02\/bozo-prelevic-despotovac-g.j.-300x225.jpg 300w, https:\/\/centralmedia.rs\/wp-content\/uploads\/2016\/02\/bozo-prelevic-despotovac-g.j.-768x576.jpg 768w, https:\/\/centralmedia.rs\/wp-content\/uploads\/2016\/02\/bozo-prelevic-despotovac-g.j.-80x60.jpg 80w, https:\/\/centralmedia.rs\/wp-content\/uploads\/2016\/02\/bozo-prelevic-despotovac-g.j.-265x198.jpg 265w, https:\/\/centralmedia.rs\/wp-content\/uploads\/2016\/02\/bozo-prelevic-despotovac-g.j..jpg 900w\" sizes=\"(max-width: 300px) 100vw, 300px\" \/><\/a><figcaption id=\"caption-attachment-2125\" class=\"wp-caption-text\">Bo\u017eo Prelevi\u0107<\/figcaption><\/figure><br \/>\nBranilac okrivljenih  kadeta Bo\u017eo Prelevi\u0107 isti\u010de  da potez koji je Filip desnom rukom na dole napravio ukazuje na to da je ne\u0161to bacio ili ispustio.<br \/>\n-Eksplozija je ispod Filipa. Potpuno je jasno da onaj koji je najbli\u017ei mestu eksplozije je poslednji imao dodir sa predmetom ili  neko  ga\u0111ao ekslozivni predmet pored njega, rekao je on i dodao da je ve\u0161tak naveo u izve\u0161taju da ,,nije eti\u010dno da se ka\u017ee da je Filip bacio predmet\u201c, kao i da je cilj ve\u0161ta\u010denja da se poka\u017ee krivica kadeta, a ne oficira.<br \/>\n<figure id=\"attachment_2126\" aria-describedby=\"caption-attachment-2126\" style=\"width: 300px\" class=\"wp-caption alignnone\"><a href=\"https:\/\/centralmedia.rs\/wp-content\/uploads\/2016\/02\/rajko-jelusic-desptovac-g.j..jpg\" rel=\"attachment wp-att-2126\"><img loading=\"lazy\" decoding=\"async\" src=\"https:\/\/centralmedia.rs\/wp-content\/uploads\/2016\/02\/rajko-jelusic-desptovac-g.j.-300x225.jpg\" alt=\"Rajko Jelu\u0161i\u0107\" width=\"300\" height=\"225\" class=\"size-medium wp-image-2126\" srcset=\"https:\/\/centralmedia.rs\/wp-content\/uploads\/2016\/02\/rajko-jelusic-desptovac-g.j.-300x225.jpg 300w, https:\/\/centralmedia.rs\/wp-content\/uploads\/2016\/02\/rajko-jelusic-desptovac-g.j.-768x576.jpg 768w, https:\/\/centralmedia.rs\/wp-content\/uploads\/2016\/02\/rajko-jelusic-desptovac-g.j.-80x60.jpg 80w, https:\/\/centralmedia.rs\/wp-content\/uploads\/2016\/02\/rajko-jelusic-desptovac-g.j.-265x198.jpg 265w, https:\/\/centralmedia.rs\/wp-content\/uploads\/2016\/02\/rajko-jelusic-desptovac-g.j..jpg 900w\" sizes=\"(max-width: 300px) 100vw, 300px\" \/><\/a><figcaption id=\"caption-attachment-2126\" class=\"wp-caption-text\">Rajko Jelu\u0161i\u0107<\/figcaption><\/figure><br \/>\n-Ako je neko od njih trojice Mladena, Stefana i Filipa, koji su bili najbli\u017ei u tom trenutku mestu eksplozije, bacio taj pedmet onda je to Filip, ka\u017ee branilac okrivljenih kadeta Rajko Jelu\u0161i\u0107.<br \/>\nOkrivljeni Mladen Milojevi\u0107 je u svom svedo\u010denju naveo da  niko od kadeta ,,nije nenormalan i nije samoubica\u201c da aktivira eksplozivno sredstvo, te  da u pregledu terena niko nije prepoznao eksplozivnu granatu. <figure id=\"attachment_2127\" aria-describedby=\"caption-attachment-2127\" style=\"width: 225px\" class=\"wp-caption alignnone\"><a href=\"https:\/\/centralmedia.rs\/wp-content\/uploads\/2016\/02\/mladen-milojevic-despotovac-g.j..jpg\" rel=\"attachment wp-att-2127\"><img loading=\"lazy\" decoding=\"async\" src=\"https:\/\/centralmedia.rs\/wp-content\/uploads\/2016\/02\/mladen-milojevic-despotovac-g.j.-225x300.jpg\" alt=\"Mladen Milojevi\u0107\" width=\"225\" height=\"300\" class=\"size-medium wp-image-2127\" srcset=\"https:\/\/centralmedia.rs\/wp-content\/uploads\/2016\/02\/mladen-milojevic-despotovac-g.j.-225x300.jpg 225w, https:\/\/centralmedia.rs\/wp-content\/uploads\/2016\/02\/mladen-milojevic-despotovac-g.j..jpg 676w\" sizes=\"(max-width: 225px) 100vw, 225px\" \/><\/a><figcaption id=\"caption-attachment-2127\" class=\"wp-caption-text\">Mladen Milojevi\u0107<\/figcaption><\/figure><br \/>\nOstali okrivljeni su negirali da je re\u010d o predmetu sa bojevi  oznakama, ve\u0107 su sugerisali da je re\u010d o predmetu koji bio prljav od zemlje i zar\u0111ao. Oni su ustvrdili da je prilikom prvog saslu\u0161anja nad njima vr\u0161en ,,teror\u201c, da su optu\u017eivani, te da su navo\u0111eni da ka\u017eu ono \u0161to se nije dogodilo ili su zapisivane re\u010di koje nisu rekli. Odbrana potencira na \u010dinjenici da je deo rasute zemlje, koji su kadeti koristili za pravljenje maketa, bio pun neeksplodiranih granata, a da je ta zemlja donesena na tu lokacija sa prostora gde se nalaze mete i neeksplodirana ubojna sredstva. Pored toga, branici su zatra\u017eili ve\u0161ta\u010denje vlasnika beretke koja je na\u0111ena na mestu eksplozije.<\/p>\n","protected":false},"excerpt":{"rendered":"<p>DESPOTOVAC- Biv\u0161i kadeti Vojske Srbiji Mladen Milosavljevi\u0107 iz Aleksinca, Stefan Milosavljevi\u0107 iz Novog Sada, Nikola Garabinovi\u0107 iz \u0160apca i Milan Kari\u0161ik iz Hajdu\u010dice negirali su &hellip; <\/p>\n","protected":false},"author":4,"featured_media":2123,"comment_status":"open","ping_status":"open","sticky":false,"template":"","format":"standard","meta":{"footnotes":""},"categories":[20,2,12],"tags":[51,505,390,547],"_links":{"self":[{"href":"https:\/\/centralmedia.rs\/index.php\/wp-json\/wp\/v2\/posts\/2122"}],"collection":[{"href":"https:\/\/centralmedia.rs\/index.php\/wp-json\/wp\/v2\/posts"}],"about":[{"href":"https:\/\/centralmedia.rs\/index.php\/wp-json\/wp\/v2\/types\/post"}],"author":[{"embeddable":true,"href":"https:\/\/centralmedia.rs\/index.php\/wp-json\/wp\/v2\/users\/4"}],"replies":[{"embeddable":true,"href":"https:\/\/centralmedia.rs\/index.php\/wp-json\/wp\/v2\/comments?post=2122"}],"version-history":[{"count":0,"href":"https:\/\/centralmedia.rs\/index.php\/wp-json\/wp\/v2\/posts\/2122\/revisions"}],"wp:featuredmedia":[{"embeddable":true,"href":"https:\/\/centralmedia.rs\/index.php\/wp-json\/wp\/v2\/media\/2123"}],"wp:attachment":[{"href":"https:\/\/centralmedia.rs\/index.php\/wp-json\/wp\/v2\/media?parent=2122"}],"wp:term":[{"taxonomy":"category","embeddable":true,"href":"https:\/\/centralmedia.rs\/index.php\/wp-json\/wp\/v2\/categories?post=2122"},{"taxonomy":"post_tag","embeddable":true,"href":"https:\/\/centralmedia.rs\/index.php\/wp-json\/wp\/v2\/tags?post=2122"}],"curies":[{"name":"wp","href":"https:\/\/api.w.org\/{rel}","templated":true}]}}