{"id":21232,"date":"2019-11-06T23:49:24","date_gmt":"2019-11-06T23:49:24","guid":{"rendered":"http:\/\/centralmedia.rs\/?p=21232"},"modified":"2019-11-16T16:19:28","modified_gmt":"2019-11-16T16:19:28","slug":"cuprija-prati-nove-tendencije-virtuelna-izlozba-krajem-godine","status":"publish","type":"post","link":"https:\/\/centralmedia.rs\/index.php\/2019\/11\/06\/cuprija-prati-nove-tendencije-virtuelna-izlozba-krajem-godine\/","title":{"rendered":"\u0106uprija prati nove tendencije &#8211; Virtuelna izlo\u017eba krajem godine"},"content":{"rendered":"<p>\u0106UPRIJA- Pres konferencija realizovana u okviru projekta \u201eIzlo\u017eba pro\u0161irene stvarnosti anti\u010dkog grada Horeum Margi\u201c, koji finansira Kabinet ministra bez portfelja zadu\u017eenog za inovacije i tehnolo\u0161ki razvoj, a \u010diji je nosilac\u00a0 Op\u0161tina \u0106uprija u saradnji sa Regionalnom agencijom za ekonomski razvoj \u0160umadije i Pomoravlja, odr\u017eana je u prostoru Muzeja \u201eHoreum Margi-Ravno\u201c u \u0106upriji. Kako je novinarima jo\u0161 jednom potvr\u0111eno, rezultati dosada\u0161njih arheolo\u0161kih istra\u017eivanja rimskog grada Horeum Margi bi\u0107e prezentovani krajem ove godine na izlo\u017ebi pro\u0161irene realnosti. Ova virtuelna postavka \u0107e tada mo\u0107i da se pogleda na jedinstven na\u010din: aktiviranjem aplikacije za mobilne telefone, i to na nekoliko ta\u010daka u gradu.<\/p>\n<p>Vladimir Vasiljevi\u0107, \u010dlan Op\u0161tinskog ve\u0107a za sport, kulturu i turizam, istakao je na dana\u0161njoj konferenciji za novinare kako zna\u010daj ovog projekta le\u017ei u \u010dinjenici da je on bitan deo krovne ideje svih koji se bave kulturom i turizmom u \u0106upriji \u2013 kona\u010dne revitalizacije celog kompleksa nekada\u0161njeg rimskog grada.<\/p>\n<p>\u201e Lokalna samouprava radi na mnogo ve\u0107em i ozbiljnijem projektu &#8211; koji je negde krovna ideja &#8211; a to je revitalizacija kompletnog anti\u010dkog grada Horeum Margi, i ja o\u010dekujem da \u0107emo ve\u0107 slede\u0107e godine da imamo ozbiljnije radove u tom pravcu, pored ovog projekta koji se sad radi i pored konstantnih arheolo\u0161kih istra\u017eivanja koja se rade ve\u0107 nekoliko godina\u201c, rekao je ve\u0107nik Vasiljevi\u0107, zahvaliv\u0161i se potom Kabinetu ministra bez portfelja i Regionalnoj agenciji na pomo\u0107i i saradnji u ovom projektu, koji je, kako je istakao, samo jo\u0161 jedno prepoznavanje \u201eodli\u010dnog rada Novaka Novakovi\u0107a i Muzeja &#8216;Horeum Margi \u2013 Ravno&#8217; na vi\u0161e mesta\u201c.<\/p>\n<p>Marijana Bo\u017ei\u0107 iz Regionalne agencije za ekonomski razvoj \u0160umadije i Pomoravlja, govoriv\u0161i o samom projektu, istakla je kako on koincidira sa Strategijom odr\u017eivog razvoja regiona za period 2011-2021. Projekat tako, po njoj, ima za cilj da \u0161irokoj javnosti promovi\u0161e i popularizuje upravo ono \u0161to predstavlja bogatstvo teritorije anti\u010dkog grada Horeum Margi.<\/p>\n<p>\u201eProjekat je ve\u0107 u\u0161ao u drugu fazu svoje realizacije. Prva faza bila je posve\u0107ena pripremanju svih tih va\u017enih tehni\u010dkih zahteva za realizaciju onog \u0161to sama inovacija zahteva: digitalizacije materijala, nabavke adekvatne opreme da bi se ta digitalizacija izvr\u0161ila, izrade aplikacije za jedan virtuelni prikaz severoisto\u010dne kule i samog anti\u010dkog grada&#8230; Ono \u0161to predstoji u narednom periodu je ta \u0161iroka popularizacija, odnosno podizanje vidljivosti projekta i samog muzeja kroz dru\u0161tvene mre\u017ee i, naravno, kroz kampanje u nacionalnim medijima\u201c, rekla je, izme\u0111u ostalog Marijana Bo\u017ei\u0107, istakav\u0161i kako krajnji ishod projekta treba da bude \u201eda jedna \u0161iroka javnost, koja nije samo na teritoriji \u0160umadije i Pomoravlja, bude upoznata sa ovakvim resursom kojim op\u0161tina raspola\u017ee\u201c.<\/p>\n<p>Postoji veliko interesovanje za ovom interaktivnom postavkom i u drugim gradovima, pa je direktor Novakovi\u0107 na dana\u0161njoj konferenciji za novinare najavio da \u0107e ve\u0107 idu\u0107e godine \u201eIzlo\u017eba pro\u0161irene stvarnosti anti\u010dkog grada Horeum Margi\u201c biti gostuju\u0107a u nekoliko gradova sa kojima je uspostavljena institucionalna saradnja. Ipak, prvi \u010dovek Muzeja \u201eHoreum Margi-Ravno\u201c smatra da \u0107e najve\u0107a korist od projekta, odnosno izlo\u017ebe biti ostvarena uticajem na mla\u0111u populaciju.<\/p>\n<p>\u201eProjekat je zna\u010dajan zato \u0161to u velikoj meri popularizuje kulturno nasle\u0111e kroz savremene medije i na jedan savremen na\u010din. Tako \u0107e se mo\u017eda najbolje dopreti do pripadnika mla\u0111ih generacija kojima je savremena tehnologija jako bliska i kojima sve ono \u0161to nije onlajn, \u0161to nije elektronski i \u0161to se ne nalazi na mobilnim ure\u0111ajima &#8211; nije dostupno. Ova izlo\u017eba je zapravo dobar program kojim \u0107e mla\u0111a generacija u\u0107i u sr\u017e postojanja anti\u010dkog grada, upoznati se sa kulturnim nasle\u0111em iz svog neposrednog okru\u017eenja, ali i ste\u0107i neka nova saznanja o rimskoj kulturi i rimskom nasle\u0111u na teritoriji Republike Srbije i dobiti \u0161iru percepciju o tome kako je sam grad izgledao, gde se prostirao, \u0161ta je sve to rimski grad Horeum Margi imao i za\u0161to je bio tako zna\u010dajan\u201c, istakao je Novakovi\u0107, koji je dodao kako \u0107e ovakva prezentacija da omogu\u0107i i uvid u na\u010din \u010duvanja kulturnog nasle\u0111a.<\/p>\n<p>Rok za zavr\u0161etak realizacije projekta \u201eIzlo\u017eba pro\u0161irene stvarnosti anti\u010dkog grada Horeum Margi\u201c je 31. decembar ove godine, a njegova vrednost iznosi 1.368.750 dinara.<\/p>\n<p>&nbsp;<\/p>\n","protected":false},"excerpt":{"rendered":"<p>\u0106UPRIJA- Pres konferencija realizovana u okviru projekta \u201eIzlo\u017eba pro\u0161irene stvarnosti anti\u010dkog grada Horeum Margi\u201c, koji finansira Kabinet ministra bez portfelja zadu\u017eenog za inovacije i tehnolo\u0161ki &hellip; <\/p>\n","protected":false},"author":2,"featured_media":21233,"comment_status":"open","ping_status":"open","sticky":false,"template":"","format":"standard","meta":{"footnotes":""},"categories":[1515,1524,2,15,887,12],"tags":[44,1898,4185],"_links":{"self":[{"href":"https:\/\/centralmedia.rs\/index.php\/wp-json\/wp\/v2\/posts\/21232"}],"collection":[{"href":"https:\/\/centralmedia.rs\/index.php\/wp-json\/wp\/v2\/posts"}],"about":[{"href":"https:\/\/centralmedia.rs\/index.php\/wp-json\/wp\/v2\/types\/post"}],"author":[{"embeddable":true,"href":"https:\/\/centralmedia.rs\/index.php\/wp-json\/wp\/v2\/users\/2"}],"replies":[{"embeddable":true,"href":"https:\/\/centralmedia.rs\/index.php\/wp-json\/wp\/v2\/comments?post=21232"}],"version-history":[{"count":1,"href":"https:\/\/centralmedia.rs\/index.php\/wp-json\/wp\/v2\/posts\/21232\/revisions"}],"predecessor-version":[{"id":21234,"href":"https:\/\/centralmedia.rs\/index.php\/wp-json\/wp\/v2\/posts\/21232\/revisions\/21234"}],"wp:featuredmedia":[{"embeddable":true,"href":"https:\/\/centralmedia.rs\/index.php\/wp-json\/wp\/v2\/media\/21233"}],"wp:attachment":[{"href":"https:\/\/centralmedia.rs\/index.php\/wp-json\/wp\/v2\/media?parent=21232"}],"wp:term":[{"taxonomy":"category","embeddable":true,"href":"https:\/\/centralmedia.rs\/index.php\/wp-json\/wp\/v2\/categories?post=21232"},{"taxonomy":"post_tag","embeddable":true,"href":"https:\/\/centralmedia.rs\/index.php\/wp-json\/wp\/v2\/tags?post=21232"}],"curies":[{"name":"wp","href":"https:\/\/api.w.org\/{rel}","templated":true}]}}