{"id":21247,"date":"2019-11-12T01:53:12","date_gmt":"2019-11-12T01:53:12","guid":{"rendered":"http:\/\/centralmedia.rs\/?p=21247"},"modified":"2019-11-16T16:07:00","modified_gmt":"2019-11-16T16:07:00","slug":"sveti-kralj-milutin","status":"publish","type":"post","link":"https:\/\/centralmedia.rs\/index.php\/2019\/11\/12\/sveti-kralj-milutin\/","title":{"rendered":"SVETI KRALJ MILUTIN"},"content":{"rendered":"<p>Srpska pravoslavna crkva 12. novembra obele\u017eava praznik posve\u0107en\u00a0Stefanu Uro\u0161u II Milutinu Nemanji\u0107u, odnosno Svetom kralju Milutinu. Stefan Uro\u0161 II Milutin Nemanji\u0107 bio je kralj Srbije i jedan od najmo\u0107nijih srpskih vladara u srednjem veku.\u00a0Ro\u0111en je oko 1253, a umro 29. oktobra 1321. u Nerodimlju kod Uro\u0161evca, na Kosovu i Metohiji. Mnogo je ratovao, brane\u0107i veru pravoslavnu i svoj narod. Podigao je 42 crkave i to ne samo u Srbiji ve\u0107 i zdanja u Solunu, Sofiji, Carigradu, Jerusalimu i na Svetoj Gori.<\/p>\n<div id='gallery-1' class='gallery galleryid-21247 gallery-columns-4 gallery-size-full'><figure class='gallery-item'>\n\t\t\t<div class='gallery-icon portrait'>\n\t\t\t\t<a href='https:\/\/centralmedia.rs\/index.php\/2019\/11\/12\/sveti-kralj-milutin\/dscn2744\/'><img loading=\"lazy\" decoding=\"async\" width=\"2736\" height=\"3648\" src=\"https:\/\/centralmedia.rs\/wp-content\/uploads\/2019\/11\/DSCN2744.jpg\" class=\"attachment-full size-full\" alt=\"\" srcset=\"https:\/\/centralmedia.rs\/wp-content\/uploads\/2019\/11\/DSCN2744.jpg 2736w, https:\/\/centralmedia.rs\/wp-content\/uploads\/2019\/11\/DSCN2744-225x300.jpg 225w, https:\/\/centralmedia.rs\/wp-content\/uploads\/2019\/11\/DSCN2744-768x1024.jpg 768w, https:\/\/centralmedia.rs\/wp-content\/uploads\/2019\/11\/DSCN2744-315x420.jpg 315w, https:\/\/centralmedia.rs\/wp-content\/uploads\/2019\/11\/DSCN2744-640x853.jpg 640w, https:\/\/centralmedia.rs\/wp-content\/uploads\/2019\/11\/DSCN2744-681x908.jpg 681w\" sizes=\"(max-width: 2736px) 100vw, 2736px\" \/><\/a>\n\t\t\t<\/div><\/figure><figure class='gallery-item'>\n\t\t\t<div class='gallery-icon portrait'>\n\t\t\t\t<a href='https:\/\/centralmedia.rs\/index.php\/2019\/11\/12\/sveti-kralj-milutin\/dscn2745\/'><img loading=\"lazy\" decoding=\"async\" width=\"2736\" height=\"3648\" src=\"https:\/\/centralmedia.rs\/wp-content\/uploads\/2019\/11\/DSCN2745.jpg\" class=\"attachment-full size-full\" alt=\"\" srcset=\"https:\/\/centralmedia.rs\/wp-content\/uploads\/2019\/11\/DSCN2745.jpg 2736w, https:\/\/centralmedia.rs\/wp-content\/uploads\/2019\/11\/DSCN2745-225x300.jpg 225w, https:\/\/centralmedia.rs\/wp-content\/uploads\/2019\/11\/DSCN2745-768x1024.jpg 768w, https:\/\/centralmedia.rs\/wp-content\/uploads\/2019\/11\/DSCN2745-315x420.jpg 315w, https:\/\/centralmedia.rs\/wp-content\/uploads\/2019\/11\/DSCN2745-640x853.jpg 640w, https:\/\/centralmedia.rs\/wp-content\/uploads\/2019\/11\/DSCN2745-681x908.jpg 681w\" sizes=\"(max-width: 2736px) 100vw, 2736px\" \/><\/a>\n\t\t\t<\/div><\/figure><figure class='gallery-item'>\n\t\t\t<div class='gallery-icon portrait'>\n\t\t\t\t<a href='https:\/\/centralmedia.rs\/index.php\/2019\/11\/12\/sveti-kralj-milutin\/dscn2746\/'><img loading=\"lazy\" decoding=\"async\" width=\"2736\" height=\"3648\" src=\"https:\/\/centralmedia.rs\/wp-content\/uploads\/2019\/11\/DSCN2746.jpg\" class=\"attachment-full size-full\" alt=\"\" srcset=\"https:\/\/centralmedia.rs\/wp-content\/uploads\/2019\/11\/DSCN2746.jpg 2736w, https:\/\/centralmedia.rs\/wp-content\/uploads\/2019\/11\/DSCN2746-225x300.jpg 225w, https:\/\/centralmedia.rs\/wp-content\/uploads\/2019\/11\/DSCN2746-768x1024.jpg 768w, https:\/\/centralmedia.rs\/wp-content\/uploads\/2019\/11\/DSCN2746-315x420.jpg 315w, https:\/\/centralmedia.rs\/wp-content\/uploads\/2019\/11\/DSCN2746-640x853.jpg 640w, https:\/\/centralmedia.rs\/wp-content\/uploads\/2019\/11\/DSCN2746-681x908.jpg 681w\" sizes=\"(max-width: 2736px) 100vw, 2736px\" \/><\/a>\n\t\t\t<\/div><\/figure><figure class='gallery-item'>\n\t\t\t<div class='gallery-icon portrait'>\n\t\t\t\t<a href='https:\/\/centralmedia.rs\/index.php\/2019\/11\/12\/sveti-kralj-milutin\/dscn2747\/'><img loading=\"lazy\" decoding=\"async\" width=\"2736\" height=\"3648\" src=\"https:\/\/centralmedia.rs\/wp-content\/uploads\/2019\/11\/DSCN2747.jpg\" class=\"attachment-full size-full\" alt=\"\" srcset=\"https:\/\/centralmedia.rs\/wp-content\/uploads\/2019\/11\/DSCN2747.jpg 2736w, https:\/\/centralmedia.rs\/wp-content\/uploads\/2019\/11\/DSCN2747-225x300.jpg 225w, https:\/\/centralmedia.rs\/wp-content\/uploads\/2019\/11\/DSCN2747-768x1024.jpg 768w, https:\/\/centralmedia.rs\/wp-content\/uploads\/2019\/11\/DSCN2747-315x420.jpg 315w, https:\/\/centralmedia.rs\/wp-content\/uploads\/2019\/11\/DSCN2747-640x853.jpg 640w, https:\/\/centralmedia.rs\/wp-content\/uploads\/2019\/11\/DSCN2747-681x908.jpg 681w\" sizes=\"(max-width: 2736px) 100vw, 2736px\" \/><\/a>\n\t\t\t<\/div><\/figure>\n\t\t<\/div>\n\n<p>Upokojio se 1320. godine, a sahranjen je u svojoj zadu\u017ebini, manastiru Banjska. Pred turskom najezdom njegove mo\u0161ti prenesene su u Sofiju, gde se i danas nalaze.\u00a0Kralj\u00a0Milutin\u00a0se smatra najve\u0107im graditeljem i donatorom srpskih crkava i manastira me\u0111u\u00a0Nemanji\u0107ima\u00a0zbog \u010dega ga je srpska crkva kanonizovala 1324. godine kao Svetog kralja.<\/p>\n<p>Najzna\u010dajnije dobro\u010dinstvo Svetog kralja Milutina prema Hilandaru je svakako gradnja sada\u0161nje manastirske saborne crkve. Hilandarska saborna crkva je najlep\u0161i svetogorski hram, jedinstven po svojoj akustici ali i arhitekturi. Osobenost \u010dine i vrata na pevnicama, i ju\u017enoj i severnoj. Tako\u0111e, na Svetoj Gori je uobi\u010dajeno da su manastirske saborne crkve omalterisane crvenom fasadom, \u0161to predstavlja rang carske lavre. Otuda su u Srbiji \u017di\u010da i Patrijar\u0161ija u Pe\u0107i crvene boje. Nekada je takvu fasadu imao i saborni hram manastira Sopo\u0107ani.<\/p>\n<p>Kralj Milutin je obnovio i stari manastir Hrusiju, na hilandarskoj arsani. Tako\u0111e, podigao je i odbrambeni pirg nedaleko od mora, na putu ka Hilandaru.<\/p>\n<p>U sklopu pomenutog pirga (kule) nalazila se srpska vojska koja je pru\u017eala potrebno obezbe\u0111enje Hilandaru od \u010destih napada plja\u010dka\u0161a. Ovo govori i o veli\u010dini i snazi srpskog kralja, koji je u sred Vizantije imao svoju vojnu bazu.<\/p>\n<p>Sveti kralj Milutin je poslao svoju vojsku u odbranu Svete Gore od krsta\u0161a, kada su na poziv vizantijskog cara Mihaila 8. Paleologa krsta\u0161i krenuli da ugu\u0161e svetogorsku pobunu protiv Lionske unije. Isto tako, kralj Milutin je svojom vojskom odbranio manastir i od napada Katalonaca.<\/p>\n<p>&nbsp;<\/p>\n","protected":false},"excerpt":{"rendered":"<p>Srpska pravoslavna crkva 12. novembra obele\u017eava praznik posve\u0107en\u00a0Stefanu Uro\u0161u II Milutinu Nemanji\u0107u, odnosno Svetom kralju Milutinu. Stefan Uro\u0161 II Milutin Nemanji\u0107 bio je kralj Srbije &hellip; <\/p>\n","protected":false},"author":2,"featured_media":21248,"comment_status":"open","ping_status":"open","sticky":false,"template":"","format":"standard","meta":{"footnotes":""},"categories":[14,2,12],"tags":[150,894,4190],"_links":{"self":[{"href":"https:\/\/centralmedia.rs\/index.php\/wp-json\/wp\/v2\/posts\/21247"}],"collection":[{"href":"https:\/\/centralmedia.rs\/index.php\/wp-json\/wp\/v2\/posts"}],"about":[{"href":"https:\/\/centralmedia.rs\/index.php\/wp-json\/wp\/v2\/types\/post"}],"author":[{"embeddable":true,"href":"https:\/\/centralmedia.rs\/index.php\/wp-json\/wp\/v2\/users\/2"}],"replies":[{"embeddable":true,"href":"https:\/\/centralmedia.rs\/index.php\/wp-json\/wp\/v2\/comments?post=21247"}],"version-history":[{"count":1,"href":"https:\/\/centralmedia.rs\/index.php\/wp-json\/wp\/v2\/posts\/21247\/revisions"}],"predecessor-version":[{"id":21253,"href":"https:\/\/centralmedia.rs\/index.php\/wp-json\/wp\/v2\/posts\/21247\/revisions\/21253"}],"wp:featuredmedia":[{"embeddable":true,"href":"https:\/\/centralmedia.rs\/index.php\/wp-json\/wp\/v2\/media\/21248"}],"wp:attachment":[{"href":"https:\/\/centralmedia.rs\/index.php\/wp-json\/wp\/v2\/media?parent=21247"}],"wp:term":[{"taxonomy":"category","embeddable":true,"href":"https:\/\/centralmedia.rs\/index.php\/wp-json\/wp\/v2\/categories?post=21247"},{"taxonomy":"post_tag","embeddable":true,"href":"https:\/\/centralmedia.rs\/index.php\/wp-json\/wp\/v2\/tags?post=21247"}],"curies":[{"name":"wp","href":"https:\/\/api.w.org\/{rel}","templated":true}]}}