{"id":21254,"date":"2019-11-12T14:12:01","date_gmt":"2019-11-12T14:12:01","guid":{"rendered":"http:\/\/centralmedia.rs\/?p=21254"},"modified":"2019-11-16T16:07:09","modified_gmt":"2019-11-16T16:07:09","slug":"raseljeni-sa-kim-nastavak-genocidne-politika-kosmetskih-albanaca","status":"publish","type":"post","link":"https:\/\/centralmedia.rs\/index.php\/2019\/11\/12\/raseljeni-sa-kim-nastavak-genocidne-politika-kosmetskih-albanaca\/","title":{"rendered":"RASELJENI SA KIM: NASTAVAK GENOCIDNE POLITIKA KOSMETSKIH ALBANACA"},"content":{"rendered":"<p>JAGODINA- Koalicija raseljenih lica sa Kosova i Metohiji na sednici u Jagodini ocenila odluku CIK tzv. Kosova o nepriznavanju glasova raseljenih lica na izborima kao nastavak genocine politike kosmetskih Albanaca.<\/p>\n<p>&#8211; Najo\u0161trije smo osudili odluku CIK tzv. Kosova o nepriznavanju glasova raseljenih lica sa prostora Kosova i Metohije, odnosno da se izbri\u0161u i ne budu deo kona\u010dnih rezultata izbora. Ovo je ponovno proterivanje ve\u0107 proteranih Srba sa KIM. Satiranje tragova prognanih Srba i to je cilj Albanaca. Satiranje svakog traga Srba da su \u017eivieli na KIM. Sa druge strane, to je ura\u0111eno smi\u0161ljeno kako bi u parlament uveli Fatmira Ljimaja, koji je ubijao i klao srpske majke i civile, o tome je vodio dnevnik. Na osnovu poni\u0161tenih glasova raseljenih Srba, zlo\u010dinac je doveden u poziciju da u\u0111e u parlament. Cilj im je bio da ponovo uvedu zlo\u010dince u parlament, a proteranim Srbima izbri\u0161u svaki trag, izjavio je predsenik te koalicije Milo\u0161 Stojkovi\u0107.<\/p>\n<p>Koalicija raseljenih je podr\u017eala Srpsku listu i aktivno radila u izbornoj kampanji. \u010clanovi koalicije su glasali za Srpsku listu i ovo je sada za njih poni\u017eavaju\u0107e, dodatno progonstvo, jer Albanci \u017eele da potpuno uni\u0161te i satru bilo kakav trag postojanja Srba na KIM.<\/p>\n<p>-Doneli smo odluku da se obratimo pismom svim ambasadama zemalja EU, gde \u0107emo ukazati na kr\u0161enje na\u0161ih ljudskih prava, a to je osnovni sistem vrednosti i pricip EU. Poku\u0161a\u0107emo da uka\u017eemo na satiranje i stradanje Srba na KIM i progonstvo. Ovo je nastavak genocidne politike kosmetskih Albanaca. Za nas je nedopustivo da oni koji su nas ubijali i klali u\u0111u sada u parlament na u\u0161trb na\u0161ih glasova. Ako je to put ka pomirenju, onda pomirenja ne\u0107e biti. Jo\u0161 jedno proterevanje, ga\u017eenje i poni\u017eavanje Srba sa KIM sa ciljem da se uni\u0161ti svaki trag zlo\u010dina Albanaca prema Srbima i jo\u0161 gore da se \u017ertve optu\u017ee za sopstvenu smrt, proteruju\u0107i 300 hiljada Srba uz pre\u0107utnu saglasnost me\u0111urodne zajednice, rekao je Stojkovi\u0107.<\/p>\n<p>&nbsp;<\/p>\n","protected":false},"excerpt":{"rendered":"<p>JAGODINA- Koalicija raseljenih lica sa Kosova i Metohiji na sednici u Jagodini ocenila odluku CIK tzv. Kosova o nepriznavanju glasova raseljenih lica na izborima kao &hellip; <\/p>\n","protected":false},"author":2,"featured_media":11194,"comment_status":"open","ping_status":"open","sticky":false,"template":"","format":"standard","meta":{"footnotes":""},"categories":[1524,2,1514,13,12],"tags":[4094,181],"_links":{"self":[{"href":"https:\/\/centralmedia.rs\/index.php\/wp-json\/wp\/v2\/posts\/21254"}],"collection":[{"href":"https:\/\/centralmedia.rs\/index.php\/wp-json\/wp\/v2\/posts"}],"about":[{"href":"https:\/\/centralmedia.rs\/index.php\/wp-json\/wp\/v2\/types\/post"}],"author":[{"embeddable":true,"href":"https:\/\/centralmedia.rs\/index.php\/wp-json\/wp\/v2\/users\/2"}],"replies":[{"embeddable":true,"href":"https:\/\/centralmedia.rs\/index.php\/wp-json\/wp\/v2\/comments?post=21254"}],"version-history":[{"count":2,"href":"https:\/\/centralmedia.rs\/index.php\/wp-json\/wp\/v2\/posts\/21254\/revisions"}],"predecessor-version":[{"id":21256,"href":"https:\/\/centralmedia.rs\/index.php\/wp-json\/wp\/v2\/posts\/21254\/revisions\/21256"}],"wp:featuredmedia":[{"embeddable":true,"href":"https:\/\/centralmedia.rs\/index.php\/wp-json\/wp\/v2\/media\/11194"}],"wp:attachment":[{"href":"https:\/\/centralmedia.rs\/index.php\/wp-json\/wp\/v2\/media?parent=21254"}],"wp:term":[{"taxonomy":"category","embeddable":true,"href":"https:\/\/centralmedia.rs\/index.php\/wp-json\/wp\/v2\/categories?post=21254"},{"taxonomy":"post_tag","embeddable":true,"href":"https:\/\/centralmedia.rs\/index.php\/wp-json\/wp\/v2\/tags?post=21254"}],"curies":[{"name":"wp","href":"https:\/\/api.w.org\/{rel}","templated":true}]}}