{"id":21259,"date":"2019-11-13T14:52:31","date_gmt":"2019-11-13T14:52:31","guid":{"rendered":"http:\/\/centralmedia.rs\/?p=21259"},"modified":"2019-11-16T17:05:38","modified_gmt":"2019-11-16T17:05:38","slug":"zeleno-svetlo-za-industrijski-park-dobricevo-na-500-hektara","status":"publish","type":"post","link":"https:\/\/centralmedia.rs\/index.php\/2019\/11\/13\/zeleno-svetlo-za-industrijski-park-dobricevo-na-500-hektara\/","title":{"rendered":"Zeleno svetlo za \u201eIndustrijski park  Dobri\u010devo\u201c na 500 hektara"},"content":{"rendered":"<p>\u0106UPRIJA- Ninoslav Eri\u0107, predsednik Op\u0161tine \u0106uprija izjavio je na sednici SO da je ta lokalna samouprava\u00a0 \u00a0proteklih godinu dana radila na izradi Plana detaljne regulacije za \u201eIndustrijski park Dobri\u010devo\u201c i da to stvara uslove za razvoj ne samo \u0106uprije, ve\u0107 i celog Pomoravskog okruga.<\/p>\n<p>-Ima\u0107emo imati najve\u0107u industrijsku zonu u centralnom delu Srbije i to na samom Koridoru 10. Na ovom projektu zajedno smo radili sa Vladom Srbije, a jo\u0161 pre par godina, posle prezentovanja prve 3D animacije Vladi i Kabinetu predsednika Aleksandra Vu\u010di\u0107a, dobili smo od njih apsolutnu podr\u0161ku da nastavimo da radimo na ovom industrijskom parku: prvo da radimo na izradi plana detaljne regulacije a kasnije i na projektovanju za komunalno i infrastrukturno opremanje. Ovo je veliki korak, osim \u0161to \u0107emo da uposlimo na\u0161e \u0106upri\u010dane, \u00a0uposli\u0107emo i Para\u0107ince i Jagodince, mo\u017eda i ljude iz Bato\u010dine, Lapova, Velike Plane, dole do Aleksinca, mo\u017eda \u010dak i ljude iz Kragujevca i Kru\u0161evca, rekao je Eri\u0107 govore\u0107i o zna\u010daju Plana detaljne regulacije za \u201eIndustrijski park Dobri\u010devo\u201c, dokumenta koji su danas usvojili odbornici.<\/p>\n<p><img loading=\"lazy\" decoding=\"async\" class=\"alignnone wp-image-21261 size-large\" src=\"http:\/\/centralmedia.rs\/wp-content\/uploads\/2019\/11\/so-cuprija-2-1024x768.jpg\" alt=\"\" width=\"640\" height=\"480\" srcset=\"https:\/\/centralmedia.rs\/wp-content\/uploads\/2019\/11\/so-cuprija-2-1024x768.jpg 1024w, https:\/\/centralmedia.rs\/wp-content\/uploads\/2019\/11\/so-cuprija-2-300x225.jpg 300w, https:\/\/centralmedia.rs\/wp-content\/uploads\/2019\/11\/so-cuprija-2-768x576.jpg 768w, https:\/\/centralmedia.rs\/wp-content\/uploads\/2019\/11\/so-cuprija-2-560x420.jpg 560w, https:\/\/centralmedia.rs\/wp-content\/uploads\/2019\/11\/so-cuprija-2-80x60.jpg 80w, https:\/\/centralmedia.rs\/wp-content\/uploads\/2019\/11\/so-cuprija-2-100x75.jpg 100w, https:\/\/centralmedia.rs\/wp-content\/uploads\/2019\/11\/so-cuprija-2-180x135.jpg 180w, https:\/\/centralmedia.rs\/wp-content\/uploads\/2019\/11\/so-cuprija-2-238x178.jpg 238w, https:\/\/centralmedia.rs\/wp-content\/uploads\/2019\/11\/so-cuprija-2-640x480.jpg 640w, https:\/\/centralmedia.rs\/wp-content\/uploads\/2019\/11\/so-cuprija-2-681x511.jpg 681w\" sizes=\"(max-width: 640px) 100vw, 640px\" \/><\/p>\n<p>Eri\u0107 je pritom naglasio kako je \u201ena\u0161a misija da pove\u0107amo broj stanovnika \u0106uprije, a da bi pove\u0107ali broj stanovnika &#8211; moramo da imamo jednu ovakvu industrijsku zonu\u201c, koja bi, podvukao je on, pozitivno uticala na jo\u0161 ve\u0107i rast bud\u017eeta op\u0161tine \u0106uprija.<\/p>\n<p>&#8211; Mi smo ve\u0107 prevazi\u0161li nivo bud\u017eeta za pro\u0161lu godinu, \u0161to zna\u010di da \u0107emo 2019. godine da prebacimo 900 miliona dinara zbog pove\u0107anih prihoda od poreza na imovinu i pove\u0107anih prihoda od poreza na zarade, a mislim da \u0107emo sa ovim industrijskim parkom i sa potencijalima koje \u0107e \u0106uprija da nudi, dobiti, nadam se, velike i zna\u010dajne investitore. Kada budemo nudili ovu zonu, nudi\u0107emo je upravo velikim investitorima, s tim \u0161to \u0107emo da ostavimo staru industrijsku zonu, da je dalje razvijamo i da je nudimo manjim investitorima, onima koji bi da uposle do 100 radnika, ka\u017ee Eri\u0107.<\/p>\n<p>On je istakao da \u0107e u, kako ju je kolokvijalno nazvao, staroj industrijskoj zoni svoje mesto na\u0107i i svi potencijalni \u0107uprijski investitori, jednako va\u017eni lokalnoj samoupravi, usput konkretno otkriv\u0161i ime investitora koji je trenutno zainteresovan da u zoni \u201eMinel\u201c otvori svoje industrijsko postrojenje.<\/p>\n<p>-Zavr\u0161ava se izgradnja fabrike FEKA, a u pregovorima smo sa kineskim investitorima koji u staroj industrijskoj zoni \u017eele da naprave industrijski park, pored jednog mini parka koji ve\u0107 postoji u halama nekada\u0161nje \u0161tamparije \u201eMladost\u201c. Taj kineski investitor je \u201eBlu skaj\u201c, s kojim smo jo\u0161 pre godinu i ne\u0161to po\u010deli razgovore u vezi sa izgradnjom kineskog industrijskog parka. Sada smo intenzivirali pregovore sa njima jer su zavr\u0161ene promene u vlasni\u010dkoj strukturi \u201eBlu skaja\u201c, obja\u0161njava on.<\/p>\n<p>Ina\u010de, prvi \u010dovek \u0107uprijske lokalne samouprave rekao je kako je predmetnim planom detaljne regulacije ostavljena mogu\u0107nost da u pojasu pored samog auto-puta bude trgovinska i zona za zabavu, a da \u0107e na ostalih 500 hektara da budu isklju\u010divo proizvodni pogoni, za \u0161ta je i dobijena saglasnost Kabineta premijerke Ane Brnabi\u0107.<\/p>\n<p>&nbsp;<\/p>\n","protected":false},"excerpt":{"rendered":"<p>\u0106UPRIJA- Ninoslav Eri\u0107, predsednik Op\u0161tine \u0106uprija izjavio je na sednici SO da je ta lokalna samouprava\u00a0 \u00a0proteklih godinu dana radila na izradi Plana detaljne regulacije &hellip; <\/p>\n","protected":false},"author":2,"featured_media":21260,"comment_status":"open","ping_status":"open","sticky":false,"template":"","format":"standard","meta":{"footnotes":""},"categories":[22,1515,1524,2,887,12],"tags":[1244,1256,759,805],"_links":{"self":[{"href":"https:\/\/centralmedia.rs\/index.php\/wp-json\/wp\/v2\/posts\/21259"}],"collection":[{"href":"https:\/\/centralmedia.rs\/index.php\/wp-json\/wp\/v2\/posts"}],"about":[{"href":"https:\/\/centralmedia.rs\/index.php\/wp-json\/wp\/v2\/types\/post"}],"author":[{"embeddable":true,"href":"https:\/\/centralmedia.rs\/index.php\/wp-json\/wp\/v2\/users\/2"}],"replies":[{"embeddable":true,"href":"https:\/\/centralmedia.rs\/index.php\/wp-json\/wp\/v2\/comments?post=21259"}],"version-history":[{"count":1,"href":"https:\/\/centralmedia.rs\/index.php\/wp-json\/wp\/v2\/posts\/21259\/revisions"}],"predecessor-version":[{"id":21262,"href":"https:\/\/centralmedia.rs\/index.php\/wp-json\/wp\/v2\/posts\/21259\/revisions\/21262"}],"wp:featuredmedia":[{"embeddable":true,"href":"https:\/\/centralmedia.rs\/index.php\/wp-json\/wp\/v2\/media\/21260"}],"wp:attachment":[{"href":"https:\/\/centralmedia.rs\/index.php\/wp-json\/wp\/v2\/media?parent=21259"}],"wp:term":[{"taxonomy":"category","embeddable":true,"href":"https:\/\/centralmedia.rs\/index.php\/wp-json\/wp\/v2\/categories?post=21259"},{"taxonomy":"post_tag","embeddable":true,"href":"https:\/\/centralmedia.rs\/index.php\/wp-json\/wp\/v2\/tags?post=21259"}],"curies":[{"name":"wp","href":"https:\/\/api.w.org\/{rel}","templated":true}]}}