{"id":21281,"date":"2019-11-14T14:22:58","date_gmt":"2019-11-14T14:22:58","guid":{"rendered":"http:\/\/centralmedia.rs\/?p=21281"},"modified":"2019-11-16T17:06:23","modified_gmt":"2019-11-16T17:06:23","slug":"cupricane-prevozi-paracinski-eurolin","status":"publish","type":"post","link":"https:\/\/centralmedia.rs\/index.php\/2019\/11\/14\/cupricane-prevozi-paracinski-eurolin\/","title":{"rendered":"\u0106UPRI\u010cANE PREVOZI PARA\u0106INSKI ,,EUROLIN&#8221;"},"content":{"rendered":"<p>\u0106UPRIJA- U narednih pet godina \u0106upri\u010dane \u0107e prevoziti para\u0107inski ,,Eurolin&#8221;. Ugovor o koncesiji potpisali su danas u predsednik te op\u0161tine Ninoslav Eri\u0107 i predstavnika ,,Eurolin&#8221; Dejan \u0160uvajla.<\/p>\n<p>-,,Eurolin&#8221; je ponudio najni\u017eu cenu 65 dinara po kilometru, dok je cena ,,Kavim Jedinstvo&#8221; 135 dinara. Na osnovu te razlike za pet godina op\u0161tina \u0107e u\u0161tedeti 60 miliona dinara. Op\u0161tina \u0107e pla\u0107ati polovinu cene odnosno 32,5 dinara. Godi\u0161nje je \u0106uprija pla\u0107ala prevoz \u0111aka od 18 do 20 miliona dinara, a sa ovom koncesijom tro\u0161ak op\u0161tine bi\u0107e 6 miliona dinara, a ima\u0107emo prevoz \u0111aka i putnika. Otvara nam se mogu\u0107nost da subvencioni\u0161emo odli\u010dne \u0111ake i bolesne gra\u0111ane koji do zdravstvenih ustanova, rekao je predsednik op\u0161tine Ninoslav Eri\u0107.<\/p>\n<div id='gallery-1' class='gallery galleryid-21281 gallery-columns-3 gallery-size-full'><figure class='gallery-item'>\n\t\t\t<div class='gallery-icon portrait'>\n\t\t\t\t<a href='https:\/\/centralmedia.rs\/index.php\/2019\/11\/14\/cupricane-prevozi-paracinski-eurolin\/eric-14\/'><img loading=\"lazy\" decoding=\"async\" width=\"778\" height=\"1600\" src=\"https:\/\/centralmedia.rs\/wp-content\/uploads\/2019\/11\/eric.jpg\" class=\"attachment-full size-full\" alt=\"\" srcset=\"https:\/\/centralmedia.rs\/wp-content\/uploads\/2019\/11\/eric.jpg 778w, https:\/\/centralmedia.rs\/wp-content\/uploads\/2019\/11\/eric-146x300.jpg 146w, https:\/\/centralmedia.rs\/wp-content\/uploads\/2019\/11\/eric-768x1579.jpg 768w, https:\/\/centralmedia.rs\/wp-content\/uploads\/2019\/11\/eric-498x1024.jpg 498w, https:\/\/centralmedia.rs\/wp-content\/uploads\/2019\/11\/eric-204x420.jpg 204w, https:\/\/centralmedia.rs\/wp-content\/uploads\/2019\/11\/eric-640x1316.jpg 640w, https:\/\/centralmedia.rs\/wp-content\/uploads\/2019\/11\/eric-681x1401.jpg 681w\" sizes=\"(max-width: 778px) 100vw, 778px\" \/><\/a>\n\t\t\t<\/div><\/figure><figure class='gallery-item'>\n\t\t\t<div class='gallery-icon portrait'>\n\t\t\t\t<a href='https:\/\/centralmedia.rs\/index.php\/2019\/11\/14\/cupricane-prevozi-paracinski-eurolin\/eric1-3\/'><img loading=\"lazy\" decoding=\"async\" width=\"778\" height=\"1600\" src=\"https:\/\/centralmedia.rs\/wp-content\/uploads\/2019\/11\/eric1.jpg\" class=\"attachment-full size-full\" alt=\"\" srcset=\"https:\/\/centralmedia.rs\/wp-content\/uploads\/2019\/11\/eric1.jpg 778w, https:\/\/centralmedia.rs\/wp-content\/uploads\/2019\/11\/eric1-146x300.jpg 146w, https:\/\/centralmedia.rs\/wp-content\/uploads\/2019\/11\/eric1-768x1579.jpg 768w, https:\/\/centralmedia.rs\/wp-content\/uploads\/2019\/11\/eric1-498x1024.jpg 498w, https:\/\/centralmedia.rs\/wp-content\/uploads\/2019\/11\/eric1-204x420.jpg 204w, https:\/\/centralmedia.rs\/wp-content\/uploads\/2019\/11\/eric1-640x1316.jpg 640w, https:\/\/centralmedia.rs\/wp-content\/uploads\/2019\/11\/eric1-681x1401.jpg 681w\" sizes=\"(max-width: 778px) 100vw, 778px\" \/><\/a>\n\t\t\t<\/div><\/figure><figure class='gallery-item'>\n\t\t\t<div class='gallery-icon portrait'>\n\t\t\t\t<a href='https:\/\/centralmedia.rs\/index.php\/2019\/11\/14\/cupricane-prevozi-paracinski-eurolin\/eric2-2\/'><img loading=\"lazy\" decoding=\"async\" width=\"778\" height=\"1600\" src=\"https:\/\/centralmedia.rs\/wp-content\/uploads\/2019\/11\/eric2.jpg\" class=\"attachment-full size-full\" alt=\"\" srcset=\"https:\/\/centralmedia.rs\/wp-content\/uploads\/2019\/11\/eric2.jpg 778w, https:\/\/centralmedia.rs\/wp-content\/uploads\/2019\/11\/eric2-146x300.jpg 146w, https:\/\/centralmedia.rs\/wp-content\/uploads\/2019\/11\/eric2-768x1579.jpg 768w, https:\/\/centralmedia.rs\/wp-content\/uploads\/2019\/11\/eric2-498x1024.jpg 498w, https:\/\/centralmedia.rs\/wp-content\/uploads\/2019\/11\/eric2-204x420.jpg 204w, https:\/\/centralmedia.rs\/wp-content\/uploads\/2019\/11\/eric2-640x1316.jpg 640w, https:\/\/centralmedia.rs\/wp-content\/uploads\/2019\/11\/eric2-681x1401.jpg 681w\" sizes=\"(max-width: 778px) 100vw, 778px\" \/><\/a>\n\t\t\t<\/div><\/figure>\n\t\t<\/div>\n\n<p>U narednih 15 dana u op\u0161tina \u0107e primati sve sugestije i primedbe gra\u0111ana u smislu reda \u00a0vo\u017enje, jer \u0107e prevoz \u0111aka i onih koji dolaze na posao biti povezan. Svi autobusi bi\u0107e do 10 godina starosti i namenjeni za gradski prevoz.<\/p>\n<p>-Zadovoljni smo \u0161to je op\u0161tina prepoznala zan\u010daj saradnje sa uspe\u0161nim privrednim dru\u0161tvima. Gra\u0111ani \u0106uprije dobi\u0107e uslugu u skladu sa visokim standardima kvaliteta u ovom poslu, istakao je \u0160uvajla.<\/p>\n<p>Do sada su javni i \u0161kolski prevoz bili odvojeni u \u0106upriji, te je objedinjavanje prevoza dovelo do u\u0161teda \u0161to \u0107e omogu\u0107iti subvencionisanje za odre\u0111ene kategorije gra\u0111ana.<\/p>\n","protected":false},"excerpt":{"rendered":"<p>\u0106UPRIJA- U narednih pet godina \u0106upri\u010dane \u0107e prevoziti para\u0107inski ,,Eurolin&#8221;. Ugovor o koncesiji potpisali su danas u predsednik te op\u0161tine Ninoslav Eri\u0107 i predstavnika ,,Eurolin&#8221; &hellip; <\/p>\n","protected":false},"author":2,"featured_media":21282,"comment_status":"open","ping_status":"open","sticky":false,"template":"","format":"standard","meta":{"footnotes":""},"categories":[22,1515,1524,2,887,12],"tags":[44,1966,4194],"_links":{"self":[{"href":"https:\/\/centralmedia.rs\/index.php\/wp-json\/wp\/v2\/posts\/21281"}],"collection":[{"href":"https:\/\/centralmedia.rs\/index.php\/wp-json\/wp\/v2\/posts"}],"about":[{"href":"https:\/\/centralmedia.rs\/index.php\/wp-json\/wp\/v2\/types\/post"}],"author":[{"embeddable":true,"href":"https:\/\/centralmedia.rs\/index.php\/wp-json\/wp\/v2\/users\/2"}],"replies":[{"embeddable":true,"href":"https:\/\/centralmedia.rs\/index.php\/wp-json\/wp\/v2\/comments?post=21281"}],"version-history":[{"count":2,"href":"https:\/\/centralmedia.rs\/index.php\/wp-json\/wp\/v2\/posts\/21281\/revisions"}],"predecessor-version":[{"id":21287,"href":"https:\/\/centralmedia.rs\/index.php\/wp-json\/wp\/v2\/posts\/21281\/revisions\/21287"}],"wp:featuredmedia":[{"embeddable":true,"href":"https:\/\/centralmedia.rs\/index.php\/wp-json\/wp\/v2\/media\/21282"}],"wp:attachment":[{"href":"https:\/\/centralmedia.rs\/index.php\/wp-json\/wp\/v2\/media?parent=21281"}],"wp:term":[{"taxonomy":"category","embeddable":true,"href":"https:\/\/centralmedia.rs\/index.php\/wp-json\/wp\/v2\/categories?post=21281"},{"taxonomy":"post_tag","embeddable":true,"href":"https:\/\/centralmedia.rs\/index.php\/wp-json\/wp\/v2\/tags?post=21281"}],"curies":[{"name":"wp","href":"https:\/\/api.w.org\/{rel}","templated":true}]}}