{"id":2129,"date":"2016-02-18T08:16:46","date_gmt":"2016-02-18T08:16:46","guid":{"rendered":"http:\/\/centralmedia.rs\/?p=2129"},"modified":"2016-02-18T08:16:46","modified_gmt":"2016-02-18T08:16:46","slug":"palmajs-nikada-nece-priznati-nezavisnost-kosova","status":"publish","type":"post","link":"https:\/\/centralmedia.rs\/index.php\/2016\/02\/18\/palmajs-nikada-nece-priznati-nezavisnost-kosova\/","title":{"rendered":"PALMA:JS NIKADA NE\u0106E PRIZNATI NEZAVISNOST KOSOVA"},"content":{"rendered":"<p>JAGODINA- Jednostrano progla\u0161ena nezavisnost Kosova, na dana\u0161nji dan 2008. godine, protivna je me\u0111unarodnom pravu, a posebno Rezoluciji 1244 Saveta bezbednosti UN, koja je usvojena 10. 06. 1999. godine i koja u me\u0111uvremenu nije promenjena i dalje je va\u017ee\u0107a. Po svim me\u0111unarodnim dokumentima, kao i po navedenoj Rezoluciji, Kosovo i Metohija je deo Srbije, a ono \u0161to se desilo 17. 02. 2008. godine je poku\u0161aj legalizacije etni\u010dkog \u010di\u0161cenja srpskog stanovni\u0161tva sa KIM i nasilnog nelegalnog otcepljenja jednog dela Srbije, , istakao je, u saop\u0161tenju za javnost, predsednik Jedinstvene Srbije Dragan Markovi\u0107 Palma.<\/p>\n<p>-Kosovski Albanci ni jednog trenutka nisu po\u0161tovali Rezoliciju 1244, kao \u0161to danas ne po\u0161tuju ni Briselski sporazum, a to te\u0161ko da bi mogli bez nekog uticajnog na svetskoj politi\u010dkoj sceni. Da li kosovski Albanci imaju podr\u0161ku za nepo\u0161tovanje me\u0111unarodnih dokumenata kao sto su Rezolucija 1244 i Briselski sporazum? \u010cinjenice me upu\u0107uju da sumnjam da Pri\u0161tinu u tome podra\u017eavaju neki svetski mo\u0107nici sa zapada, ka\u017ee Markovic.<\/p>\n<p>&#8211; Jedinstvena Srbija nikada ne\u0107e priznati nezavisnost KIM i o\u010dekuje da Specijalni sud za ratne zlo\u010dine pripadnika OVK doka\u017ee najmonstruoznije zlo\u010dine od Drugog svetskog rata, koje su po\u010dinili kosovski Albanci i tako razotkrije punu istinu o la\u017enom nezavisnom Kosovu. Nadam se da je proces istine zapo\u010deo neprihvatanjem Kosova da postane \u010dlan UNESKA i stopiranjem daljeg priznavanja nezavisnosti ju\u017ene srpske pokrajine, rekao je Markovi\u0107.<\/p>\n","protected":false},"excerpt":{"rendered":"<p>JAGODINA- Jednostrano progla\u0161ena nezavisnost Kosova, na dana\u0161nji dan 2008. godine, protivna je me\u0111unarodnom pravu, a posebno Rezoluciji 1244 Saveta bezbednosti UN, koja je usvojena 10. &hellip; <\/p>\n","protected":false},"author":4,"featured_media":2033,"comment_status":"open","ping_status":"open","sticky":false,"template":"","format":"standard","meta":{"footnotes":""},"categories":[2,13,12],"tags":[544,148,120],"_links":{"self":[{"href":"https:\/\/centralmedia.rs\/index.php\/wp-json\/wp\/v2\/posts\/2129"}],"collection":[{"href":"https:\/\/centralmedia.rs\/index.php\/wp-json\/wp\/v2\/posts"}],"about":[{"href":"https:\/\/centralmedia.rs\/index.php\/wp-json\/wp\/v2\/types\/post"}],"author":[{"embeddable":true,"href":"https:\/\/centralmedia.rs\/index.php\/wp-json\/wp\/v2\/users\/4"}],"replies":[{"embeddable":true,"href":"https:\/\/centralmedia.rs\/index.php\/wp-json\/wp\/v2\/comments?post=2129"}],"version-history":[{"count":0,"href":"https:\/\/centralmedia.rs\/index.php\/wp-json\/wp\/v2\/posts\/2129\/revisions"}],"wp:featuredmedia":[{"embeddable":true,"href":"https:\/\/centralmedia.rs\/index.php\/wp-json\/wp\/v2\/media\/2033"}],"wp:attachment":[{"href":"https:\/\/centralmedia.rs\/index.php\/wp-json\/wp\/v2\/media?parent=2129"}],"wp:term":[{"taxonomy":"category","embeddable":true,"href":"https:\/\/centralmedia.rs\/index.php\/wp-json\/wp\/v2\/categories?post=2129"},{"taxonomy":"post_tag","embeddable":true,"href":"https:\/\/centralmedia.rs\/index.php\/wp-json\/wp\/v2\/tags?post=2129"}],"curies":[{"name":"wp","href":"https:\/\/api.w.org\/{rel}","templated":true}]}}