{"id":21297,"date":"2019-11-15T19:34:21","date_gmt":"2019-11-15T19:34:21","guid":{"rendered":"http:\/\/centralmedia.rs\/?p=21297"},"modified":"2019-11-16T16:21:34","modified_gmt":"2019-11-16T16:21:34","slug":"palma-sa-bugarskom-razvijamo-prijateljske-odnose-sto-na-zalost-nije-slucaj-sa-hrvatskom-i-crnom-gorom","status":"publish","type":"post","link":"https:\/\/centralmedia.rs\/index.php\/2019\/11\/15\/palma-sa-bugarskom-razvijamo-prijateljske-odnose-sto-na-zalost-nije-slucaj-sa-hrvatskom-i-crnom-gorom\/","title":{"rendered":"PALMA: SA BUGARSKOM RAZVIJAMO PRIJATELJSKE ODNOSE \u0160TO NA \u017dALOST NIJE SLU\u010cAJ SA HRVATSKOM I CRNOM GOROM"},"content":{"rendered":"<p>\u010cestitaju\u0107i predsedniku op\u0161tine Kova\u010devci Vasilu Stanimirovu na ubedljivoj pobedi na nedavno odr\u017eanim lokalnim izborima, Dragan Markovi\u0107 Palma je rekao da odnosi izme\u0111u Srbije i Bugarske nikada nisu bili bolji nego \u0161to su danas i ocenio je da sa Bugarskom nemamo samo kom\u0161ijske, ve\u0107 bratsko &#8211; prijateljske odnose, \u0161to se ne mo\u017ee re\u0107i za odnose sa Hrvatskom i Crnom Gorom. Narodi u Hrvatskoj i Srbiji \u017eele da sara\u0111uju kao i narodi u Srbiji i Crnoj Gori, ali politi\u010dari u Hrvatskoj \u0161alju militantne poruke koje nikako ne doprinose pobolj\u0161anju odnosa dve dr\u017eave.<\/p>\n<p>Zbog takve medijske histerije predsednik Srbije gospodin Vu\u010di\u0107 morao je da otka\u017ee svoje u\u010de\u0161\u0107e na Kongresu Evropskih narodnih partija koji se odr\u017eava u Zagrebu. Politi\u010dari u Crnoj Gori tako\u0111e \u0161alju lo\u0161e poruke prema Srbiji, pojedini \u010dak govore da srpske automobile treba bacati u more. A Bojko Borisov je na otvaranju auto &#8211; puta od Ni\u0161a do Bugarske granice rekao je da je izgradnjom ovog dela koridora 10 sru\u0161en &#8220;Berlinski zid&#8221; izme\u0111u Srbije i Bugarske i da \u0107e izgradnja gasovoda &#8221; Turski tok &#8221; dodatno pove\u0107ati ekonomsku saradnju na\u0161ih dr\u017eava.<\/p>\n<p>&#8220;Pozivam sve op\u0161tine u Bugarskoj i Srbiji da krenu u me\u0111usobnu saradnju kao \u0161to sara\u0111uju na\u0161e dr\u017eave i kao \u0161to sara\u0111uju Jagodina i Kova\u010devci. \u010cestitam mom bratu Vasilu Stanimirovu na ubedljivoj pobedi, na veoma visokoj oceni koju mu je dao narod op\u0161tine Kova\u010devci, mi se ne me\u0161amo u izbore u drugim dr\u017eavama ali se radujemo pobedi na\u0161ih prijatelja&#8221; rekao je tom prilikom Markovi\u0107.<\/p>\n<p>&#8221; \u017delim da izrazim dobrodo\u0161licu mom bratu Draganu Markovi\u0107u Palmi i njegovoj delegaciji. Zadnjih nekoliko godina od kako sara\u0111ujemo sa Draganom Markovi\u0107em Palmom i Jagodinom stalno razvijamo na\u0161u saradnju i siguran sam da \u0107emo u narednom periodu jo\u0161 vi\u0161e oja\u010dati kako kulturnu tako i ekonomsku saradnju &#8221; rekao je predsednik op\u0161tine Kova\u010devci gospodin Vasil Stanimirov.<\/p>\n<p>Narodni poslanik Socilalisti\u010dke partije Bugarske Valerij \u017dabljanov zahvalio se Jagodini na saradnji sa op\u0161tinom Kova\u010devci i rekao da je saradnja lokalnih zajednica u na\u0161e dve dr\u017eave veoma va\u017ena za zbli\u017eavanje dva naroda i saradnju dve dr\u017eave.<\/p>\n<p>U delegaciji koja je u poseti op\u0161tini Kova\u010devci su i Nikola Radosavljevic, predsednik Gradskog odbora SNS u Jagodini, Goran Milosavljevi\u0107 na\u010delnik Pomoravskog okruga, dr Miodrag Jarkin, kardiolog, dr Vanja Mihajlov, hirurg i dr Darko Mileti\u0107 direktor Doma zdravlja u Jagodini.<\/p>\n","protected":false},"excerpt":{"rendered":"<p>\u010cestitaju\u0107i predsedniku op\u0161tine Kova\u010devci Vasilu Stanimirovu na ubedljivoj pobedi na nedavno odr\u017eanim lokalnim izborima, Dragan Markovi\u0107 Palma je rekao da odnosi izme\u0111u Srbije i Bugarske &hellip; <\/p>\n","protected":false},"author":2,"featured_media":21298,"comment_status":"open","ping_status":"open","sticky":false,"template":"","format":"standard","meta":{"footnotes":""},"categories":[1524,2,1514,13,12],"tags":[2004,120],"_links":{"self":[{"href":"https:\/\/centralmedia.rs\/index.php\/wp-json\/wp\/v2\/posts\/21297"}],"collection":[{"href":"https:\/\/centralmedia.rs\/index.php\/wp-json\/wp\/v2\/posts"}],"about":[{"href":"https:\/\/centralmedia.rs\/index.php\/wp-json\/wp\/v2\/types\/post"}],"author":[{"embeddable":true,"href":"https:\/\/centralmedia.rs\/index.php\/wp-json\/wp\/v2\/users\/2"}],"replies":[{"embeddable":true,"href":"https:\/\/centralmedia.rs\/index.php\/wp-json\/wp\/v2\/comments?post=21297"}],"version-history":[{"count":1,"href":"https:\/\/centralmedia.rs\/index.php\/wp-json\/wp\/v2\/posts\/21297\/revisions"}],"predecessor-version":[{"id":21299,"href":"https:\/\/centralmedia.rs\/index.php\/wp-json\/wp\/v2\/posts\/21297\/revisions\/21299"}],"wp:featuredmedia":[{"embeddable":true,"href":"https:\/\/centralmedia.rs\/index.php\/wp-json\/wp\/v2\/media\/21298"}],"wp:attachment":[{"href":"https:\/\/centralmedia.rs\/index.php\/wp-json\/wp\/v2\/media?parent=21297"}],"wp:term":[{"taxonomy":"category","embeddable":true,"href":"https:\/\/centralmedia.rs\/index.php\/wp-json\/wp\/v2\/categories?post=21297"},{"taxonomy":"post_tag","embeddable":true,"href":"https:\/\/centralmedia.rs\/index.php\/wp-json\/wp\/v2\/tags?post=21297"}],"curies":[{"name":"wp","href":"https:\/\/api.w.org\/{rel}","templated":true}]}}