{"id":21308,"date":"2019-11-16T16:01:37","date_gmt":"2019-11-16T16:01:37","guid":{"rendered":"http:\/\/centralmedia.rs\/?p=21308"},"modified":"2019-11-18T20:23:24","modified_gmt":"2019-11-18T20:23:24","slug":"palma-opozicija-u-srbiji-da-se-ugleda-na-opoziciju-u-bugarskoj","status":"publish","type":"post","link":"https:\/\/centralmedia.rs\/index.php\/2019\/11\/16\/palma-opozicija-u-srbiji-da-se-ugleda-na-opoziciju-u-bugarskoj\/","title":{"rendered":"PALMA : OPOZICIJA U SRBIJI DA SE UGLEDA NA OPOZICIJU U BUGARSKOJ"},"content":{"rendered":"<div dir=\"auto\">Dragan Markovi\u0107 Palma je danas imao sastanak sa Kaojanom Pargofom, narodnim poslanikom i predsednikom Gradske organizacije Bugarske socijalisti\u010dke partije za Sofiju, Borisom Cvetkovim, predsednikom Gradske organizacije Bugarskog antifa\u0161isti\u010dkog saveza za Sofiju i Nikolajem Conkovim, gradskim odbornikom Socijalisti\u010dke partije Bugarske u parlamentu glavnog grada Bugarske. Sastanku je prisustvovao i predsednik op\u0161tine Kova\u010devci Vasil Stanimirov.<\/div>\n<div dir=\"auto\">&#8221; Moje najva\u017enije pitanje poslanicima Bugarske socijalisti\u010dke partije je bilo kako se oni kao opozicija bore i \u0161ta rade u parlamentu. \u010cuo sam da se programom, idejama i delima bore za gra\u0111ane Bugarske, kako u parlamentu tako i u svim drugim institucijama Bugarske. Moj zaklju\u010dak je da je razlika izme\u0111u srpske i bugarske opozicije drasti\u010dna jer se Bugarska opozicija takmi\u010di i bori boljim idejama i programom dok opozicija u Srbiji tu\u010de \u017eene, upada u televiziju sa motornim testerama, i ru\u0161e sve \u0161to se gradi u Beogradu.<\/div>\n<div dir=\"auto\">Bugarska opozicija je veoma aktivna u parlamentu Bugarske, koji se tako\u0111e prenosi na televiziji, i tako prenosi dobre poruke gra\u0111anima Bugarske. U Srbiji vanparlamentarna opozicija ucenjuje parlamentarnu opoziciju da bojkotuje rad Skup\u0161tine jer jedni bez drugih ne mogu da pro\u0111u cenzus. Dok opozicija u Srbiji tra\u017ei da se odlo\u017ee izbori, opozicija u Bugarskoj jedva \u010deka da neko predlo\u017ei izbore.<\/div>\n<div dir=\"auto\">Predla\u017eem na\u0161oj opoziciji da se ugleda na bugarsku opoziciju&#8221; izjavio je Markovi\u0107.<\/div>\n<div dir=\"auto\"><\/div>\n<div dir=\"auto\">Kaojan Pargof, narodni poslanik i predsednik Gradske organizacije Bugarske socijalisti\u010dke partije u Sofiji izjavio je da mu je \u010dast \u0161to je imao priliku da se susretne sa Draganom Markovi\u0107em Palmom koga je slu\u0161ao na Kongresu SPSa u Beogradu. &#8220;Tada sam shvatio da imamo mnogo sli\u010dnosti u idejama. \u010cuo sam i mnogo novih ideja modernog socijalizama i od Dragana Markovi\u0107a i od Ivice Da\u010di\u0107a. Sada moramo u parlamentu da pritisnemo vlast da sprovede ideje koje smo obe\u0107ali gra\u0111anima. Predstavio sam gospodinu Markovi\u0107u Zajednicu balkanskih gradova koju smo formirali koja \u0107e zna\u010dajno unaprediti odnose izme\u0111u balkanskih naroda i dr\u017eava&#8221; rekao je gospodin Pargof.<\/div>\n","protected":false},"excerpt":{"rendered":"<p>Dragan Markovi\u0107 Palma je danas imao sastanak sa Kaojanom Pargofom, narodnim poslanikom i predsednikom Gradske organizacije Bugarske socijalisti\u010dke partije za Sofiju, Borisom Cvetkovim, predsednikom Gradske &hellip; <\/p>\n","protected":false},"author":2,"featured_media":21309,"comment_status":"open","ping_status":"open","sticky":false,"template":"","format":"standard","meta":{"footnotes":""},"categories":[1524,2,1514,13,12],"tags":[2004,120,47],"_links":{"self":[{"href":"https:\/\/centralmedia.rs\/index.php\/wp-json\/wp\/v2\/posts\/21308"}],"collection":[{"href":"https:\/\/centralmedia.rs\/index.php\/wp-json\/wp\/v2\/posts"}],"about":[{"href":"https:\/\/centralmedia.rs\/index.php\/wp-json\/wp\/v2\/types\/post"}],"author":[{"embeddable":true,"href":"https:\/\/centralmedia.rs\/index.php\/wp-json\/wp\/v2\/users\/2"}],"replies":[{"embeddable":true,"href":"https:\/\/centralmedia.rs\/index.php\/wp-json\/wp\/v2\/comments?post=21308"}],"version-history":[{"count":1,"href":"https:\/\/centralmedia.rs\/index.php\/wp-json\/wp\/v2\/posts\/21308\/revisions"}],"predecessor-version":[{"id":21310,"href":"https:\/\/centralmedia.rs\/index.php\/wp-json\/wp\/v2\/posts\/21308\/revisions\/21310"}],"wp:featuredmedia":[{"embeddable":true,"href":"https:\/\/centralmedia.rs\/index.php\/wp-json\/wp\/v2\/media\/21309"}],"wp:attachment":[{"href":"https:\/\/centralmedia.rs\/index.php\/wp-json\/wp\/v2\/media?parent=21308"}],"wp:term":[{"taxonomy":"category","embeddable":true,"href":"https:\/\/centralmedia.rs\/index.php\/wp-json\/wp\/v2\/categories?post=21308"},{"taxonomy":"post_tag","embeddable":true,"href":"https:\/\/centralmedia.rs\/index.php\/wp-json\/wp\/v2\/tags?post=21308"}],"curies":[{"name":"wp","href":"https:\/\/api.w.org\/{rel}","templated":true}]}}