{"id":2131,"date":"2016-02-18T08:27:59","date_gmt":"2016-02-18T08:27:59","guid":{"rendered":"http:\/\/centralmedia.rs\/?p=2131"},"modified":"2016-02-18T08:27:59","modified_gmt":"2016-02-18T08:27:59","slug":"crkvenac-dobio-novu-skolu","status":"publish","type":"post","link":"https:\/\/centralmedia.rs\/index.php\/2016\/02\/18\/crkvenac-dobio-novu-skolu\/","title":{"rendered":"CRKVENAC DOBIO NOVU \u0160KOLU"},"content":{"rendered":"<p>SVILAJNAC-Novi krov, kompletna spoljna fasada, zidovi, sala, instalacije, parno grejanje, novi laminat u u\u010dionicama, novi name\u0161taj, table, inventar, okre\u010deni zidovi&#8230; Sve ovo ura\u0111eno je u okviru velike rekonstrukcije zgrade  O\u0160 \u201eJovan Jovanovi\u0107 Zmaj\u201c Svilajnac u Crkvencu, vredne 15 miliona dinara, izjavio je predsednik te op\u0161tine Predrag Milanovi\u0107. \u0160kolu poha\u0111a  50 u\u010denika od 1. do 4. razreda.<br \/>\n<a href=\"https:\/\/centralmedia.rs\/wp-content\/uploads\/2016\/02\/skola-u-crkvencu-1-svilajnac-g.j..jpg\" rel=\"attachment wp-att-2133\"><img loading=\"lazy\" decoding=\"async\" src=\"https:\/\/centralmedia.rs\/wp-content\/uploads\/2016\/02\/skola-u-crkvencu-1-svilajnac-g.j.-300x200.jpg\" alt=\"skola u crkvencu 1-svilajnac-g.j.\" width=\"300\" height=\"200\" class=\"alignnone size-medium wp-image-2133\" srcset=\"https:\/\/centralmedia.rs\/wp-content\/uploads\/2016\/02\/skola-u-crkvencu-1-svilajnac-g.j.-300x200.jpg 300w, https:\/\/centralmedia.rs\/wp-content\/uploads\/2016\/02\/skola-u-crkvencu-1-svilajnac-g.j.-768x512.jpg 768w, https:\/\/centralmedia.rs\/wp-content\/uploads\/2016\/02\/skola-u-crkvencu-1-svilajnac-g.j..jpg 900w\" sizes=\"(max-width: 300px) 100vw, 300px\" \/><\/a><br \/>\n-Ministarstvo prosvete izdvojilo je 12 miliona dinara, a iz bud\u017eeta Svilajnac jo\u0161 3 miliona. Radovi su trajali tri meseca, i danas deca iz Crkvenca imaju  opremljenu, bezbednu, modernu \u0161kolu. Planiramo i da u toku slede\u0107eg raspusta zamenimo kompletnu stolariju sa novim PVC prozorima, \u0161to nije bilo predvi\u0111eno prvobitnim projektom , rekao je Milanovi\u0107 i  dodao da je Crkvenac veoma va\u017eno selo za tu op\u0161tinu, jer je  ,,veliko i blizu grada i da se dosta radilo na infrastrukturi \u2013 selo je dobilo kanalizaciju, a prema re\u010dima prvog \u010doveka op\u0161tine u planu je re\u0161enje podruma \u201eNavip\u201c po modelu kojim je re\u0161en problem biv\u0161e fabrike Beko\u201d.<br \/>\nOvo je \u0161esta rekonstruisana \u0161kola na teritoriji op\u0161tine Svilajnac u proteklih godinu dana.<\/p>\n","protected":false},"excerpt":{"rendered":"<p>SVILAJNAC-Novi krov, kompletna spoljna fasada, zidovi, sala, instalacije, parno grejanje, novi laminat u u\u010dionicama, novi name\u0161taj, table, inventar, okre\u010deni zidovi&#8230; Sve ovo ura\u0111eno je u &hellip; <\/p>\n","protected":false},"author":4,"featured_media":2132,"comment_status":"open","ping_status":"open","sticky":false,"template":"","format":"standard","meta":{"footnotes":""},"categories":[14,2,12],"tags":[548,497,38],"_links":{"self":[{"href":"https:\/\/centralmedia.rs\/index.php\/wp-json\/wp\/v2\/posts\/2131"}],"collection":[{"href":"https:\/\/centralmedia.rs\/index.php\/wp-json\/wp\/v2\/posts"}],"about":[{"href":"https:\/\/centralmedia.rs\/index.php\/wp-json\/wp\/v2\/types\/post"}],"author":[{"embeddable":true,"href":"https:\/\/centralmedia.rs\/index.php\/wp-json\/wp\/v2\/users\/4"}],"replies":[{"embeddable":true,"href":"https:\/\/centralmedia.rs\/index.php\/wp-json\/wp\/v2\/comments?post=2131"}],"version-history":[{"count":0,"href":"https:\/\/centralmedia.rs\/index.php\/wp-json\/wp\/v2\/posts\/2131\/revisions"}],"wp:featuredmedia":[{"embeddable":true,"href":"https:\/\/centralmedia.rs\/index.php\/wp-json\/wp\/v2\/media\/2132"}],"wp:attachment":[{"href":"https:\/\/centralmedia.rs\/index.php\/wp-json\/wp\/v2\/media?parent=2131"}],"wp:term":[{"taxonomy":"category","embeddable":true,"href":"https:\/\/centralmedia.rs\/index.php\/wp-json\/wp\/v2\/categories?post=2131"},{"taxonomy":"post_tag","embeddable":true,"href":"https:\/\/centralmedia.rs\/index.php\/wp-json\/wp\/v2\/tags?post=2131"}],"curies":[{"name":"wp","href":"https:\/\/api.w.org\/{rel}","templated":true}]}}