{"id":21332,"date":"2019-11-18T14:56:26","date_gmt":"2019-11-18T14:56:26","guid":{"rendered":"http:\/\/centralmedia.rs\/?p=21332"},"modified":"2019-11-24T13:38:48","modified_gmt":"2019-11-24T13:38:48","slug":"palma-polozio-kamen-temeljac-za-novi-kulturni-centar-u-jagodini","status":"publish","type":"post","link":"https:\/\/centralmedia.rs\/index.php\/2019\/11\/18\/palma-polozio-kamen-temeljac-za-novi-kulturni-centar-u-jagodini\/","title":{"rendered":"PALMA POLO\u017dIO KAMEN TEMELJAC ZA NOVI KULTURNI CENTAR U JAGODINI"},"content":{"rendered":"<div dir=\"auto\">\u201eDanas po\u010dinjemo da gradimo nov kulturni centar u Jagodini i rekonstrui\u0161rmo ve\u0107 postoje\u0107i.<\/div>\n<div dir=\"auto\">\n<div id='gallery-1' class='gallery galleryid-21332 gallery-columns-3 gallery-size-full'><figure class='gallery-item'>\n\t\t\t<div class='gallery-icon landscape'>\n\t\t\t\t<a href='https:\/\/centralmedia.rs\/index.php\/2019\/11\/18\/palma-polozio-kamen-temeljac-za-novi-kulturni-centar-u-jagodini\/img-20191118-wa0000\/'><img loading=\"lazy\" decoding=\"async\" width=\"1600\" height=\"1064\" src=\"https:\/\/centralmedia.rs\/wp-content\/uploads\/2019\/11\/IMG-20191118-WA0000.jpg\" class=\"attachment-full size-full\" alt=\"\" srcset=\"https:\/\/centralmedia.rs\/wp-content\/uploads\/2019\/11\/IMG-20191118-WA0000.jpg 1600w, https:\/\/centralmedia.rs\/wp-content\/uploads\/2019\/11\/IMG-20191118-WA0000-300x200.jpg 300w, https:\/\/centralmedia.rs\/wp-content\/uploads\/2019\/11\/IMG-20191118-WA0000-768x511.jpg 768w, https:\/\/centralmedia.rs\/wp-content\/uploads\/2019\/11\/IMG-20191118-WA0000-1024x681.jpg 1024w, https:\/\/centralmedia.rs\/wp-content\/uploads\/2019\/11\/IMG-20191118-WA0000-632x420.jpg 632w, https:\/\/centralmedia.rs\/wp-content\/uploads\/2019\/11\/IMG-20191118-WA0000-640x426.jpg 640w, https:\/\/centralmedia.rs\/wp-content\/uploads\/2019\/11\/IMG-20191118-WA0000-681x453.jpg 681w\" sizes=\"(max-width: 1600px) 100vw, 1600px\" \/><\/a>\n\t\t\t<\/div><\/figure><figure class='gallery-item'>\n\t\t\t<div class='gallery-icon landscape'>\n\t\t\t\t<a href='https:\/\/centralmedia.rs\/index.php\/2019\/11\/18\/palma-polozio-kamen-temeljac-za-novi-kulturni-centar-u-jagodini\/img-20191118-wa0002\/'><img loading=\"lazy\" decoding=\"async\" width=\"1600\" height=\"899\" src=\"https:\/\/centralmedia.rs\/wp-content\/uploads\/2019\/11\/IMG-20191118-WA0002.jpg\" class=\"attachment-full size-full\" alt=\"\" srcset=\"https:\/\/centralmedia.rs\/wp-content\/uploads\/2019\/11\/IMG-20191118-WA0002.jpg 1600w, https:\/\/centralmedia.rs\/wp-content\/uploads\/2019\/11\/IMG-20191118-WA0002-300x169.jpg 300w, https:\/\/centralmedia.rs\/wp-content\/uploads\/2019\/11\/IMG-20191118-WA0002-768x432.jpg 768w, https:\/\/centralmedia.rs\/wp-content\/uploads\/2019\/11\/IMG-20191118-WA0002-1024x575.jpg 1024w, https:\/\/centralmedia.rs\/wp-content\/uploads\/2019\/11\/IMG-20191118-WA0002-747x420.jpg 747w, https:\/\/centralmedia.rs\/wp-content\/uploads\/2019\/11\/IMG-20191118-WA0002-640x360.jpg 640w, https:\/\/centralmedia.rs\/wp-content\/uploads\/2019\/11\/IMG-20191118-WA0002-681x383.jpg 681w\" sizes=\"(max-width: 1600px) 100vw, 1600px\" \/><\/a>\n\t\t\t<\/div><\/figure><figure class='gallery-item'>\n\t\t\t<div class='gallery-icon landscape'>\n\t\t\t\t<a href='https:\/\/centralmedia.rs\/index.php\/2019\/11\/18\/palma-polozio-kamen-temeljac-za-novi-kulturni-centar-u-jagodini\/img-20191118-wa0003\/'><img loading=\"lazy\" decoding=\"async\" width=\"1600\" height=\"899\" src=\"https:\/\/centralmedia.rs\/wp-content\/uploads\/2019\/11\/IMG-20191118-WA0003.jpg\" class=\"attachment-full size-full\" alt=\"\" srcset=\"https:\/\/centralmedia.rs\/wp-content\/uploads\/2019\/11\/IMG-20191118-WA0003.jpg 1600w, https:\/\/centralmedia.rs\/wp-content\/uploads\/2019\/11\/IMG-20191118-WA0003-300x169.jpg 300w, https:\/\/centralmedia.rs\/wp-content\/uploads\/2019\/11\/IMG-20191118-WA0003-768x432.jpg 768w, https:\/\/centralmedia.rs\/wp-content\/uploads\/2019\/11\/IMG-20191118-WA0003-1024x575.jpg 1024w, https:\/\/centralmedia.rs\/wp-content\/uploads\/2019\/11\/IMG-20191118-WA0003-747x420.jpg 747w, https:\/\/centralmedia.rs\/wp-content\/uploads\/2019\/11\/IMG-20191118-WA0003-640x360.jpg 640w, https:\/\/centralmedia.rs\/wp-content\/uploads\/2019\/11\/IMG-20191118-WA0003-681x383.jpg 681w\" sizes=\"(max-width: 1600px) 100vw, 1600px\" \/><\/a>\n\t\t\t<\/div><\/figure>\n\t\t<\/div>\n\n<\/div>\n<div dir=\"auto\">Nov kulturni centar ima\u0107e oko 2850 kvadrata i bi\u0107e gotov do kraja naredne godine a nova pozori\u0161na sala ima\u0107e kapacitet od 615 mesta, a kada budu ve\u0107e predstave mo\u0107i \u0107e da primi i 815 ljudi, sa jo\u0161 dodatnih 200 stolica. Nova porozi\u0161na sala ima\u0107e vrhunske uslove za glumce, a bi\u0107e izgra\u0111ena i Kancelarija za mlade veli\u010dine 220 kvadrata, gde \u0107e omladina mo\u0107i da priprema sadr\u017eaje koje oni smatraju da su bitni. Ukupna vrednost radova je 335 miliona dinara, od \u010dega smo od dr\u017eave Srbije dobili 33 miliona dinara, a sve ostalo finansira jagodinska lokalna samouprava. Dakle, u\u010de\u0161\u0107e dr\u017eave je 10 posto, a grada Jagodine 90 posto\u201c, izjavio je danas predsednik Jedinstvene Srbije i Skup\u0161tine grada Jagodine, Dragan Markovi\u0107 Palma, na postavljanju kamena temeljca za nov Kulturni centar u Jagodini.<\/div>\n<div dir=\"auto\">\u201eMi moramo da \u010duvamo na\u0161u kulturu, jer srpska kultura, srpska tradicija i porodica su svetinje i niko iz drugih dr\u017eava ne mo\u017ee da nam name\u0107e neku drugu tradiciju i kulturu. Mi moramo i da \u010duvamo na\u0161e srpsko kolo koje se zove \u201eMoravac\u201c. Jagodina je grad koji ima najvi\u0161e kulturnih doga\u0111aja u Srbiji godi\u0161nje u odnosu na broj stanovnika. Samo tokom leta, od 1. juna do 1. septembra, svakog vikenda, odr\u017eavaju se kulturni doga\u0111aji prilaho\u0111eni svim uzrastima na Letnjoj sceni u izleti\u0161tu Potok i sve je za gra\u0111ane besplatno, a grad iz bud\u017eeta pla\u0107a izvo\u0111a\u010de. Na\u0161 najbolji i pozori\u0161ni festival sa najdu\u017eom tradicijom, &#8220;Dani komedije&#8221; ubudu\u0107e \u0107e imati najbolje mogu\u0107e uslove za izvo\u0111enje predstava, najbolje mogu\u0107e uslove za glumce i za publiku. Tako\u0111e, u svim selima smo izgradili Domove kulture i svako selo ima i Kulturno umetni\u010dko dru\u0161tvo i sve to finansira lokalna samouprava\u201c, rekao je Markovi\u0107. \u201e Na Letnoj sceni naredne godine po\u010dinjemo izgradnju jo\u0161 jedne tribine sa novih 700 mesta, a bi\u0107e izgra\u0111en i nov ve\u0161ta\u010dki vodopad, koji \u0107e vizuelno izgledati kao da je prirodni. To sam video u jednoj dr\u017eavi i tamo je mnogo manji nego \u0161to \u0107e biti u Jagodini. Tako\u0111e po\u010dinje i izgradnja zatvorenog bazena u Jagodini, \u010diji je investitor privatno preduze\u0107e Visokogradnja in\u017eenjering. U toku je izrada bud\u017eeta za narednu godinu za grad Jagodinu i mi \u0107emo svim gra\u0111anima poslati upitnik, kako bi gra\u0111ani mogli da predlo\u017ee \u0161ta oni misle \u0161ta bi trebalo da se gradi u Jagodini u narednom periodu\u201c, rekao je Markovi\u0107. Markovi\u0107 je kamen temeljac polo\u017eio zajedno sa glumcima i kulturnim radnicima Jagodine, sa Ratkom Stevanovi\u0107em, gradona\u010delnikom Jagodine i Nikolom Radosavljevi\u0107em predsednikom Gradskog odbora SNS u Jagodini.<\/div>\n","protected":false},"excerpt":{"rendered":"<p>\u201eDanas po\u010dinjemo da gradimo nov kulturni centar u Jagodini i rekonstrui\u0161rmo ve\u0107 postoje\u0107i. Nov kulturni centar ima\u0107e oko 2850 kvadrata i bi\u0107e gotov do kraja &hellip; <\/p>\n","protected":false},"author":2,"featured_media":21333,"comment_status":"open","ping_status":"open","sticky":false,"template":"","format":"standard","meta":{"footnotes":""},"categories":[1524,2,1514,15,12],"tags":[58,1958,120],"_links":{"self":[{"href":"https:\/\/centralmedia.rs\/index.php\/wp-json\/wp\/v2\/posts\/21332"}],"collection":[{"href":"https:\/\/centralmedia.rs\/index.php\/wp-json\/wp\/v2\/posts"}],"about":[{"href":"https:\/\/centralmedia.rs\/index.php\/wp-json\/wp\/v2\/types\/post"}],"author":[{"embeddable":true,"href":"https:\/\/centralmedia.rs\/index.php\/wp-json\/wp\/v2\/users\/2"}],"replies":[{"embeddable":true,"href":"https:\/\/centralmedia.rs\/index.php\/wp-json\/wp\/v2\/comments?post=21332"}],"version-history":[{"count":2,"href":"https:\/\/centralmedia.rs\/index.php\/wp-json\/wp\/v2\/posts\/21332\/revisions"}],"predecessor-version":[{"id":21350,"href":"https:\/\/centralmedia.rs\/index.php\/wp-json\/wp\/v2\/posts\/21332\/revisions\/21350"}],"wp:featuredmedia":[{"embeddable":true,"href":"https:\/\/centralmedia.rs\/index.php\/wp-json\/wp\/v2\/media\/21333"}],"wp:attachment":[{"href":"https:\/\/centralmedia.rs\/index.php\/wp-json\/wp\/v2\/media?parent=21332"}],"wp:term":[{"taxonomy":"category","embeddable":true,"href":"https:\/\/centralmedia.rs\/index.php\/wp-json\/wp\/v2\/categories?post=21332"},{"taxonomy":"post_tag","embeddable":true,"href":"https:\/\/centralmedia.rs\/index.php\/wp-json\/wp\/v2\/tags?post=21332"}],"curies":[{"name":"wp","href":"https:\/\/api.w.org\/{rel}","templated":true}]}}