{"id":2137,"date":"2016-02-19T13:37:24","date_gmt":"2016-02-19T13:37:24","guid":{"rendered":"http:\/\/centralmedia.rs\/?p=2137"},"modified":"2016-02-19T13:37:24","modified_gmt":"2016-02-19T13:37:24","slug":"rudari-obustavili-strajk","status":"publish","type":"post","link":"https:\/\/centralmedia.rs\/index.php\/2016\/02\/19\/rudari-obustavili-strajk\/","title":{"rendered":"RUDARI OBUSTAVILI \u0160TRAJK"},"content":{"rendered":"<p>RESAVICA-Do 15 marta obustavili smo sve \u0161trajka\u010dke aktivnosti i sa\u010deka\u0107emo da vidimo prve rezultate rada radnih grupa oko smenskog rada i novog modela preduze\u0107a, izjavio je danas predsednik Sindikata devet jamskih rudnika uglja JP Resavica Neboj\u0161a Milenkovi\u0107 posle sastanka Glavnog odbora tog sindikata.  Rudari su  prestali sa jednosatnim \u0161trajkovima upozorenja  u svakoj smeni, koje su zapo\u010deli pro\u0161log petka, i odsutali od organizovanja  Velikog protesta rudara planoranog za subotu.<br \/>\n\t-Insistiramo na re\u0161enju isplate smenskog rada zaposlenima u Resavici, te o\u010dekujemo da radna grupa koju \u010dine predstavnici poslovodstva i Nadzornog odbora sa advokatima i radnicima re\u0161i problem. Dr\u017eava ho\u0107e finansijski da pomogne, ali to treba da bude razumna cifra. Ako to ne re\u0161imo rudnicima preti blokada ra\u010duna i ste\u010daj, ka\u017ee Milenkovi\u0107.<br \/>\nPo tom osnovu preduze\u0107e duguje zaposlenima 1,2 milijarde dinara sa sudskim i advokatskim tro\u0161kovima.<br \/>\n\t-Novi model funkcionisanja rudnika treba da se usvoji do kraja maja. Zahtevamo da okosnica tog novog modela bude Plan rada i konsolidacije, koji je usvojila Vlada Srbije, uz neke izmene. Ujedno treba obaviti reorganizaciju rudnika, rekao je Milenkovi\u0107.<br \/>\nPrema tom planu rudnici su uz ulaganja u perspektivna le\u017ei\u0161ta trebali da podignu za pet godina proizvodnju sa 500 hiljada na 5 miliona tona uglja, kao i da se stvore mogu\u0107nosti za realizaciju stranih investicija od milijardu evra u nove kopove i energetske kapacitete.<\/p>\n","protected":false},"excerpt":{"rendered":"<p>RESAVICA-Do 15 marta obustavili smo sve \u0161trajka\u010dke aktivnosti i sa\u010deka\u0107emo da vidimo prve rezultate rada radnih grupa oko smenskog rada i novog modela preduze\u0107a, izjavio &hellip; <\/p>\n","protected":false},"author":4,"featured_media":2082,"comment_status":"open","ping_status":"open","sticky":false,"template":"","format":"standard","meta":{"footnotes":""},"categories":[22,2,12],"tags":[549,53,52],"_links":{"self":[{"href":"https:\/\/centralmedia.rs\/index.php\/wp-json\/wp\/v2\/posts\/2137"}],"collection":[{"href":"https:\/\/centralmedia.rs\/index.php\/wp-json\/wp\/v2\/posts"}],"about":[{"href":"https:\/\/centralmedia.rs\/index.php\/wp-json\/wp\/v2\/types\/post"}],"author":[{"embeddable":true,"href":"https:\/\/centralmedia.rs\/index.php\/wp-json\/wp\/v2\/users\/4"}],"replies":[{"embeddable":true,"href":"https:\/\/centralmedia.rs\/index.php\/wp-json\/wp\/v2\/comments?post=2137"}],"version-history":[{"count":0,"href":"https:\/\/centralmedia.rs\/index.php\/wp-json\/wp\/v2\/posts\/2137\/revisions"}],"wp:featuredmedia":[{"embeddable":true,"href":"https:\/\/centralmedia.rs\/index.php\/wp-json\/wp\/v2\/media\/2082"}],"wp:attachment":[{"href":"https:\/\/centralmedia.rs\/index.php\/wp-json\/wp\/v2\/media?parent=2137"}],"wp:term":[{"taxonomy":"category","embeddable":true,"href":"https:\/\/centralmedia.rs\/index.php\/wp-json\/wp\/v2\/categories?post=2137"},{"taxonomy":"post_tag","embeddable":true,"href":"https:\/\/centralmedia.rs\/index.php\/wp-json\/wp\/v2\/tags?post=2137"}],"curies":[{"name":"wp","href":"https:\/\/api.w.org\/{rel}","templated":true}]}}