{"id":21389,"date":"2019-11-21T14:34:46","date_gmt":"2019-11-21T14:34:46","guid":{"rendered":"http:\/\/centralmedia.rs\/?p=21389"},"modified":"2019-11-24T13:37:01","modified_gmt":"2019-11-24T13:37:01","slug":"prigradska-naselja-sa-komunalnom-infrastrukturom","status":"publish","type":"post","link":"https:\/\/centralmedia.rs\/index.php\/2019\/11\/21\/prigradska-naselja-sa-komunalnom-infrastrukturom\/","title":{"rendered":"PRIGRADSKA NASELJA SA KOMUNALNOM INFRASTRUKTUROM"},"content":{"rendered":"<p>PARA\u0106IN- Posle radova u ovoj i narednoj godini gotovo 90 odsto prigradskih naselja ima\u0107e izgra\u0111enu kompletnu komunalnu infrastrukturu, rekao je predsednik op\u0161tine Para\u0107in Sa\u0161a Paunovi\u0107 prilikom obilaska \u0110ur\u0111evdanske ulice u naselju cara Du\u0161ana. U toj ulici po\u010dela je izgradnja kanalizacionog voda, koji \u0107e biti povezan sa glavnim vodom, koji je u naselju ve\u0107 izgra\u0111en. Asfaltirana je jedna ulica u tom naselju i ugovorena izgardnja jo\u0161 jedne.<\/p>\n<div id='gallery-1' class='gallery galleryid-21389 gallery-columns-3 gallery-size-full'><figure class='gallery-item'>\n\t\t\t<div class='gallery-icon landscape'>\n\t\t\t\t<a href='https:\/\/centralmedia.rs\/index.php\/2019\/11\/21\/prigradska-naselja-sa-komunalnom-infrastrukturom\/djurdjevdansak-3\/'><img loading=\"lazy\" decoding=\"async\" width=\"2048\" height=\"1152\" src=\"https:\/\/centralmedia.rs\/wp-content\/uploads\/2019\/11\/DJURDJEVDANSAK-3.jpg\" class=\"attachment-full size-full\" alt=\"\" srcset=\"https:\/\/centralmedia.rs\/wp-content\/uploads\/2019\/11\/DJURDJEVDANSAK-3.jpg 2048w, https:\/\/centralmedia.rs\/wp-content\/uploads\/2019\/11\/DJURDJEVDANSAK-3-300x169.jpg 300w, https:\/\/centralmedia.rs\/wp-content\/uploads\/2019\/11\/DJURDJEVDANSAK-3-768x432.jpg 768w, https:\/\/centralmedia.rs\/wp-content\/uploads\/2019\/11\/DJURDJEVDANSAK-3-1024x576.jpg 1024w, https:\/\/centralmedia.rs\/wp-content\/uploads\/2019\/11\/DJURDJEVDANSAK-3-747x420.jpg 747w, https:\/\/centralmedia.rs\/wp-content\/uploads\/2019\/11\/DJURDJEVDANSAK-3-640x360.jpg 640w, https:\/\/centralmedia.rs\/wp-content\/uploads\/2019\/11\/DJURDJEVDANSAK-3-681x383.jpg 681w\" sizes=\"(max-width: 2048px) 100vw, 2048px\" \/><\/a>\n\t\t\t<\/div><\/figure><figure class='gallery-item'>\n\t\t\t<div class='gallery-icon landscape'>\n\t\t\t\t<a href='https:\/\/centralmedia.rs\/index.php\/2019\/11\/21\/prigradska-naselja-sa-komunalnom-infrastrukturom\/djurdjevdsnaksa-2\/'><img loading=\"lazy\" decoding=\"async\" width=\"2048\" height=\"1152\" src=\"https:\/\/centralmedia.rs\/wp-content\/uploads\/2019\/11\/DJURDJEVDSNAKSA-2.jpg\" class=\"attachment-full size-full\" alt=\"\" srcset=\"https:\/\/centralmedia.rs\/wp-content\/uploads\/2019\/11\/DJURDJEVDSNAKSA-2.jpg 2048w, https:\/\/centralmedia.rs\/wp-content\/uploads\/2019\/11\/DJURDJEVDSNAKSA-2-300x169.jpg 300w, https:\/\/centralmedia.rs\/wp-content\/uploads\/2019\/11\/DJURDJEVDSNAKSA-2-768x432.jpg 768w, https:\/\/centralmedia.rs\/wp-content\/uploads\/2019\/11\/DJURDJEVDSNAKSA-2-1024x576.jpg 1024w, https:\/\/centralmedia.rs\/wp-content\/uploads\/2019\/11\/DJURDJEVDSNAKSA-2-747x420.jpg 747w, https:\/\/centralmedia.rs\/wp-content\/uploads\/2019\/11\/DJURDJEVDSNAKSA-2-640x360.jpg 640w, https:\/\/centralmedia.rs\/wp-content\/uploads\/2019\/11\/DJURDJEVDSNAKSA-2-681x383.jpg 681w\" sizes=\"(max-width: 2048px) 100vw, 2048px\" \/><\/a>\n\t\t\t<\/div><\/figure><figure class='gallery-item'>\n\t\t\t<div class='gallery-icon landscape'>\n\t\t\t\t<a href='https:\/\/centralmedia.rs\/index.php\/2019\/11\/21\/prigradska-naselja-sa-komunalnom-infrastrukturom\/djuredjevdsnska\/'><img loading=\"lazy\" decoding=\"async\" width=\"960\" height=\"468\" src=\"https:\/\/centralmedia.rs\/wp-content\/uploads\/2019\/11\/DJUREDJEVDSNSKA.jpg\" class=\"attachment-full size-full\" alt=\"\" srcset=\"https:\/\/centralmedia.rs\/wp-content\/uploads\/2019\/11\/DJUREDJEVDSNSKA.jpg 960w, https:\/\/centralmedia.rs\/wp-content\/uploads\/2019\/11\/DJUREDJEVDSNSKA-300x146.jpg 300w, https:\/\/centralmedia.rs\/wp-content\/uploads\/2019\/11\/DJUREDJEVDSNSKA-768x374.jpg 768w, https:\/\/centralmedia.rs\/wp-content\/uploads\/2019\/11\/DJUREDJEVDSNSKA-862x420.jpg 862w, https:\/\/centralmedia.rs\/wp-content\/uploads\/2019\/11\/DJUREDJEVDSNSKA-640x312.jpg 640w, https:\/\/centralmedia.rs\/wp-content\/uploads\/2019\/11\/DJUREDJEVDSNSKA-681x332.jpg 681w\" sizes=\"(max-width: 960px) 100vw, 960px\" \/><\/a>\n\t\t\t<\/div><\/figure>\n\t\t<\/div>\n\n","protected":false},"excerpt":{"rendered":"<p>PARA\u0106IN- Posle radova u ovoj i narednoj godini gotovo 90 odsto prigradskih naselja ima\u0107e izgra\u0111enu kompletnu komunalnu infrastrukturu, rekao je predsednik op\u0161tine Para\u0107in Sa\u0161a Paunovi\u0107 &hellip; <\/p>\n","protected":false},"author":2,"featured_media":21390,"comment_status":"open","ping_status":"open","sticky":false,"template":"","format":"standard","meta":{"footnotes":""},"categories":[1524,2,1516,887,16,12],"tags":[3836,156,4152],"_links":{"self":[{"href":"https:\/\/centralmedia.rs\/index.php\/wp-json\/wp\/v2\/posts\/21389"}],"collection":[{"href":"https:\/\/centralmedia.rs\/index.php\/wp-json\/wp\/v2\/posts"}],"about":[{"href":"https:\/\/centralmedia.rs\/index.php\/wp-json\/wp\/v2\/types\/post"}],"author":[{"embeddable":true,"href":"https:\/\/centralmedia.rs\/index.php\/wp-json\/wp\/v2\/users\/2"}],"replies":[{"embeddable":true,"href":"https:\/\/centralmedia.rs\/index.php\/wp-json\/wp\/v2\/comments?post=21389"}],"version-history":[{"count":1,"href":"https:\/\/centralmedia.rs\/index.php\/wp-json\/wp\/v2\/posts\/21389\/revisions"}],"predecessor-version":[{"id":21394,"href":"https:\/\/centralmedia.rs\/index.php\/wp-json\/wp\/v2\/posts\/21389\/revisions\/21394"}],"wp:featuredmedia":[{"embeddable":true,"href":"https:\/\/centralmedia.rs\/index.php\/wp-json\/wp\/v2\/media\/21390"}],"wp:attachment":[{"href":"https:\/\/centralmedia.rs\/index.php\/wp-json\/wp\/v2\/media?parent=21389"}],"wp:term":[{"taxonomy":"category","embeddable":true,"href":"https:\/\/centralmedia.rs\/index.php\/wp-json\/wp\/v2\/categories?post=21389"},{"taxonomy":"post_tag","embeddable":true,"href":"https:\/\/centralmedia.rs\/index.php\/wp-json\/wp\/v2\/tags?post=21389"}],"curies":[{"name":"wp","href":"https:\/\/api.w.org\/{rel}","templated":true}]}}