{"id":21417,"date":"2019-11-22T18:05:32","date_gmt":"2019-11-22T18:05:32","guid":{"rendered":"http:\/\/centralmedia.rs\/?p=21417"},"modified":"2019-11-30T20:14:19","modified_gmt":"2019-11-30T20:14:19","slug":"festival-decija-scena-2019","status":"publish","type":"post","link":"https:\/\/centralmedia.rs\/index.php\/2019\/11\/22\/festival-decija-scena-2019\/","title":{"rendered":"FESTIVAL DE\u010cIJA SCENA 2019."},"content":{"rendered":"<p>\u0106UPRIJA-Pozori\u0161ni festival &#8220;De\u010dija scena 2019. &#8221; bi\u0107e odr\u017ean od 27. do 29. novembra u \u0106upriji. Re\u010d je o doga\u0111aju koji svake godine Ustanova kulture &#8220;\u0106uprija&#8221; organizuje u saradnji sa osnovnim \u0161kolama, Pred\u0161kolskom ustanovom &#8220;De\u010dja radost&#8221;, a ove godine prvi put nastupiti u\u010denici \u0160kole za muzi\u010dke talente iz \u0106uprije, i, kao gosti, polaznici na\u0161e \u0160kole glume. U sadr\u017eaju festivala su predstave koje pripremaju mentori pomenutih ustanova sa svojim u\u010denicima, a zatim ih premijerno prikazujemo njihovim vr\u0161njacima, u\u010denicima drugih \u0161kola. Zatvorenog je karaktera, u smislu da publiku \u010dine pred\u0161kolska i \u0161kolska deca. Izuzetak su predstave poslednjeg dana festivala u izvedbi \u010dlanova \u0160kole glume UK, one su otvorene za sve. Cilj nam je da se podstaknu talentovana deca i omogu\u0107i im se da svoje potencijale poka\u017eu, na kvalitetan na\u010din. Ujedno, razviju i neguju ljubav prema pozori\u0161tu i kulturi.<\/p>\n<p><img loading=\"lazy\" decoding=\"async\" class=\"alignnone wp-image-21419 size-full\" src=\"http:\/\/centralmedia.rs\/wp-content\/uploads\/2019\/11\/program.jpg\" alt=\"\" width=\"683\" height=\"960\" srcset=\"https:\/\/centralmedia.rs\/wp-content\/uploads\/2019\/11\/program.jpg 683w, https:\/\/centralmedia.rs\/wp-content\/uploads\/2019\/11\/program-213x300.jpg 213w, https:\/\/centralmedia.rs\/wp-content\/uploads\/2019\/11\/program-299x420.jpg 299w, https:\/\/centralmedia.rs\/wp-content\/uploads\/2019\/11\/program-640x900.jpg 640w, https:\/\/centralmedia.rs\/wp-content\/uploads\/2019\/11\/program-681x957.jpg 681w\" sizes=\"(max-width: 683px) 100vw, 683px\" \/><\/p>\n","protected":false},"excerpt":{"rendered":"<p>\u0106UPRIJA-Pozori\u0161ni festival &#8220;De\u010dija scena 2019. &#8221; bi\u0107e odr\u017ean od 27. do 29. novembra u \u0106upriji. Re\u010d je o doga\u0111aju koji svake godine Ustanova kulture &#8220;\u0106uprija&#8221; &hellip; <\/p>\n","protected":false},"author":2,"featured_media":21418,"comment_status":"open","ping_status":"open","sticky":false,"template":"","format":"standard","meta":{"footnotes":""},"categories":[1515,1524,2,23,887,30],"tags":[44,4221,1052],"_links":{"self":[{"href":"https:\/\/centralmedia.rs\/index.php\/wp-json\/wp\/v2\/posts\/21417"}],"collection":[{"href":"https:\/\/centralmedia.rs\/index.php\/wp-json\/wp\/v2\/posts"}],"about":[{"href":"https:\/\/centralmedia.rs\/index.php\/wp-json\/wp\/v2\/types\/post"}],"author":[{"embeddable":true,"href":"https:\/\/centralmedia.rs\/index.php\/wp-json\/wp\/v2\/users\/2"}],"replies":[{"embeddable":true,"href":"https:\/\/centralmedia.rs\/index.php\/wp-json\/wp\/v2\/comments?post=21417"}],"version-history":[{"count":1,"href":"https:\/\/centralmedia.rs\/index.php\/wp-json\/wp\/v2\/posts\/21417\/revisions"}],"predecessor-version":[{"id":21420,"href":"https:\/\/centralmedia.rs\/index.php\/wp-json\/wp\/v2\/posts\/21417\/revisions\/21420"}],"wp:featuredmedia":[{"embeddable":true,"href":"https:\/\/centralmedia.rs\/index.php\/wp-json\/wp\/v2\/media\/21418"}],"wp:attachment":[{"href":"https:\/\/centralmedia.rs\/index.php\/wp-json\/wp\/v2\/media?parent=21417"}],"wp:term":[{"taxonomy":"category","embeddable":true,"href":"https:\/\/centralmedia.rs\/index.php\/wp-json\/wp\/v2\/categories?post=21417"},{"taxonomy":"post_tag","embeddable":true,"href":"https:\/\/centralmedia.rs\/index.php\/wp-json\/wp\/v2\/tags?post=21417"}],"curies":[{"name":"wp","href":"https:\/\/api.w.org\/{rel}","templated":true}]}}