{"id":21427,"date":"2019-11-24T13:21:34","date_gmt":"2019-11-24T13:21:34","guid":{"rendered":"http:\/\/centralmedia.rs\/?p=21427"},"modified":"2019-11-30T20:13:53","modified_gmt":"2019-11-30T20:13:53","slug":"posle-75-godina-prekinuta-zabrana-cutanja-o-tajnim-grobnicama-u-jagodini-otkriven-spomenik-nevinim-zrtvamafoto","status":"publish","type":"post","link":"https:\/\/centralmedia.rs\/index.php\/2019\/11\/24\/posle-75-godina-prekinuta-zabrana-cutanja-o-tajnim-grobnicama-u-jagodini-otkriven-spomenik-nevinim-zrtvamafoto\/","title":{"rendered":"POSLE 75 GODINA PREKINUTA ZABRANA \u0106UTANJA O TAJNIM GROBNICAMA U JAGODINI-OTKRIVEN SPOMENIK NEVINIM \u017dRTVAMA(Foto)"},"content":{"rendered":"<p>JAGODINA- Paroh crkve Pokrova Presvete Bogorodice Dejan \u0110or\u0111evi\u0107 osve\u0161tao je prvi spomenik u ovom delu Srbije nevino streljanim gra\u0111anima Jagodine i centralne Srbije posle oktobra 1944. godine i oslobo\u0111enja u drugom svetskom ratu od fa\u0161ista. Zatim su komunisti po\u010deli sa sprovo\u0111enjem revolucionarne ,,pravde&#8221; i fizi\u010dkom likvidacijom gra\u0111anske klase, odnosno ,,klasnog&#8221; neprijatelja. Prema istra\u017eiva\u010dima jednog od najtamnijih trenutaka u istoriji Srba samo u Jagodini je na dvadesetak mesta pogubljeno od 2.500 do \u010dak 9.000 gra\u0111ana, a preko 2\/3 dokumentacije o likvidacijama, koju su precizno vodili oficiri OZNE, iz \u00a0Istorijskog arhiva je nestalo ili uni\u0161teno.<\/p>\n<p>-Postali smo deo istorije, jer posle 75 godina zaborava ili relativizacije ljudi koji su ovde nevino streljani, pominjemo \u017ertve pogubljene u voom delu Jagodine koji se naziva ,,Streli\u0161te&#8221;. \u017drtve su dve, tri nedelje posle 17. oktobra, streljale tada\u0161nje vlasti. \u017drtve imaju imena i prezimena, pominjemo ih u proteklih nekoliko godina u svakoj prilici. Otkrivanej spoemnika i spomen plo\u010de je civilizacijski \u010din i simbol toga \u017ertve na budu ubijene drugi put, zaboravom, rekao je sve\u0161tenik \u0110or\u0111evi\u0107.<\/p>\n<div id='gallery-1' class='gallery galleryid-21427 gallery-columns-7 gallery-size-thumbnail'><figure class='gallery-item'>\n\t\t\t<div class='gallery-icon landscape'>\n\t\t\t\t<a href='https:\/\/centralmedia.rs\/index.php\/2019\/11\/24\/posle-75-godina-prekinuta-zabrana-cutanja-o-tajnim-grobnicama-u-jagodini-otkriven-spomenik-nevinim-zrtvamafoto\/spomenik-8\/'><img loading=\"lazy\" decoding=\"async\" width=\"150\" height=\"150\" src=\"https:\/\/centralmedia.rs\/wp-content\/uploads\/2019\/11\/spomenik-150x150.jpg\" class=\"attachment-thumbnail size-thumbnail\" alt=\"\" \/><\/a>\n\t\t\t<\/div><\/figure><figure class='gallery-item'>\n\t\t\t<div class='gallery-icon landscape'>\n\t\t\t\t<a href='https:\/\/centralmedia.rs\/index.php\/2019\/11\/24\/posle-75-godina-prekinuta-zabrana-cutanja-o-tajnim-grobnicama-u-jagodini-otkriven-spomenik-nevinim-zrtvamafoto\/spomenik1-4\/'><img loading=\"lazy\" decoding=\"async\" width=\"150\" height=\"150\" src=\"https:\/\/centralmedia.rs\/wp-content\/uploads\/2019\/11\/spomenik1-150x150.jpg\" class=\"attachment-thumbnail size-thumbnail\" alt=\"\" \/><\/a>\n\t\t\t<\/div><\/figure><figure class='gallery-item'>\n\t\t\t<div class='gallery-icon landscape'>\n\t\t\t\t<a href='https:\/\/centralmedia.rs\/index.php\/2019\/11\/24\/posle-75-godina-prekinuta-zabrana-cutanja-o-tajnim-grobnicama-u-jagodini-otkriven-spomenik-nevinim-zrtvamafoto\/spomenik2-2\/'><img loading=\"lazy\" decoding=\"async\" width=\"150\" height=\"150\" src=\"https:\/\/centralmedia.rs\/wp-content\/uploads\/2019\/11\/spomenik2-150x150.jpg\" class=\"attachment-thumbnail size-thumbnail\" alt=\"\" \/><\/a>\n\t\t\t<\/div><\/figure><figure class='gallery-item'>\n\t\t\t<div class='gallery-icon portrait'>\n\t\t\t\t<a href='https:\/\/centralmedia.rs\/index.php\/2019\/11\/24\/posle-75-godina-prekinuta-zabrana-cutanja-o-tajnim-grobnicama-u-jagodini-otkriven-spomenik-nevinim-zrtvamafoto\/spomenik3\/'><img loading=\"lazy\" decoding=\"async\" width=\"150\" height=\"150\" src=\"https:\/\/centralmedia.rs\/wp-content\/uploads\/2019\/11\/spomenik3-150x150.jpg\" class=\"attachment-thumbnail size-thumbnail\" alt=\"\" \/><\/a>\n\t\t\t<\/div><\/figure><figure class='gallery-item'>\n\t\t\t<div class='gallery-icon landscape'>\n\t\t\t\t<a href='https:\/\/centralmedia.rs\/index.php\/2019\/11\/24\/posle-75-godina-prekinuta-zabrana-cutanja-o-tajnim-grobnicama-u-jagodini-otkriven-spomenik-nevinim-zrtvamafoto\/spomenik4-2\/'><img loading=\"lazy\" decoding=\"async\" width=\"150\" height=\"150\" src=\"https:\/\/centralmedia.rs\/wp-content\/uploads\/2019\/11\/spomenik4-150x150.jpg\" class=\"attachment-thumbnail size-thumbnail\" alt=\"\" \/><\/a>\n\t\t\t<\/div><\/figure><figure class='gallery-item'>\n\t\t\t<div class='gallery-icon landscape'>\n\t\t\t\t<a href='https:\/\/centralmedia.rs\/index.php\/2019\/11\/24\/posle-75-godina-prekinuta-zabrana-cutanja-o-tajnim-grobnicama-u-jagodini-otkriven-spomenik-nevinim-zrtvamafoto\/spomenik5-2\/'><img loading=\"lazy\" decoding=\"async\" width=\"150\" height=\"150\" src=\"https:\/\/centralmedia.rs\/wp-content\/uploads\/2019\/11\/spomenik5-150x150.jpg\" class=\"attachment-thumbnail size-thumbnail\" alt=\"\" \/><\/a>\n\t\t\t<\/div><\/figure><figure class='gallery-item'>\n\t\t\t<div class='gallery-icon landscape'>\n\t\t\t\t<a href='https:\/\/centralmedia.rs\/index.php\/2019\/11\/24\/posle-75-godina-prekinuta-zabrana-cutanja-o-tajnim-grobnicama-u-jagodini-otkriven-spomenik-nevinim-zrtvamafoto\/spomenik6\/'><img loading=\"lazy\" decoding=\"async\" width=\"150\" height=\"150\" src=\"https:\/\/centralmedia.rs\/wp-content\/uploads\/2019\/11\/spomenik6-150x150.jpg\" class=\"attachment-thumbnail size-thumbnail\" alt=\"\" \/><\/a>\n\t\t\t<\/div><\/figure>\n\t\t<\/div>\n\n<p>Povodom otkrivanja spomenika nevinim \u017ertvama komunisti\u010dkih likvidacija u Jagodini od okrobra 1944. godine u porti crkve Pokrova Presvete Bogorodice, predsednik Bunta Du\u0161an Markovi\u0107 rekao je da je ovo istorijski dan kada je posle 75 godina prekinuta zabrana \u0107utanja i slu\u017een pomen pogubljenima.<\/p>\n<p>&#8211; Nastavi\u0107emo sa obele\u017eavanjem gubili\u0161ta nevih \u017ertava. Na\u017ealost Jagodina je prednja\u010dila u masovnim pogubljenima. Mladi ljudi sa svojim porodicama i Srpskom pravoslavnom crkvom podigli su prvi spomenik, a slede\u0107e godine obele\u017ei\u0107emo mesta pogubljenja na Brionima na obalama Velike Morave i na \u0110ur\u0111evom brdu, istakao je Markovi\u0107.<\/p>\n<div id='gallery-2' class='gallery galleryid-21427 gallery-columns-4 gallery-size-thumbnail'><figure class='gallery-item'>\n\t\t\t<div class='gallery-icon landscape'>\n\t\t\t\t<a href='https:\/\/centralmedia.rs\/index.php\/2019\/11\/24\/posle-75-godina-prekinuta-zabrana-cutanja-o-tajnim-grobnicama-u-jagodini-otkriven-spomenik-nevinim-zrtvamafoto\/spomenik7\/'><img loading=\"lazy\" decoding=\"async\" width=\"150\" height=\"150\" src=\"https:\/\/centralmedia.rs\/wp-content\/uploads\/2019\/11\/spomenik7-150x150.jpg\" class=\"attachment-thumbnail size-thumbnail\" alt=\"\" \/><\/a>\n\t\t\t<\/div><\/figure><figure class='gallery-item'>\n\t\t\t<div class='gallery-icon landscape'>\n\t\t\t\t<a href='https:\/\/centralmedia.rs\/index.php\/2019\/11\/24\/posle-75-godina-prekinuta-zabrana-cutanja-o-tajnim-grobnicama-u-jagodini-otkriven-spomenik-nevinim-zrtvamafoto\/spomenik8\/'><img loading=\"lazy\" decoding=\"async\" width=\"150\" height=\"150\" src=\"https:\/\/centralmedia.rs\/wp-content\/uploads\/2019\/11\/spomenik8-150x150.jpg\" class=\"attachment-thumbnail size-thumbnail\" alt=\"\" \/><\/a>\n\t\t\t<\/div><\/figure><figure class='gallery-item'>\n\t\t\t<div class='gallery-icon landscape'>\n\t\t\t\t<a href='https:\/\/centralmedia.rs\/index.php\/2019\/11\/24\/posle-75-godina-prekinuta-zabrana-cutanja-o-tajnim-grobnicama-u-jagodini-otkriven-spomenik-nevinim-zrtvamafoto\/spomenik9\/'><img loading=\"lazy\" decoding=\"async\" width=\"150\" height=\"150\" src=\"https:\/\/centralmedia.rs\/wp-content\/uploads\/2019\/11\/spomenik9-150x150.jpg\" class=\"attachment-thumbnail size-thumbnail\" alt=\"\" \/><\/a>\n\t\t\t<\/div><\/figure><figure class='gallery-item'>\n\t\t\t<div class='gallery-icon landscape'>\n\t\t\t\t<a href='https:\/\/centralmedia.rs\/index.php\/2019\/11\/24\/posle-75-godina-prekinuta-zabrana-cutanja-o-tajnim-grobnicama-u-jagodini-otkriven-spomenik-nevinim-zrtvamafoto\/spomenik11\/'><img loading=\"lazy\" decoding=\"async\" width=\"150\" height=\"150\" src=\"https:\/\/centralmedia.rs\/wp-content\/uploads\/2019\/11\/spomenik11-150x150.jpg\" class=\"attachment-thumbnail size-thumbnail\" alt=\"\" \/><\/a>\n\t\t\t<\/div><\/figure>\n\t\t<\/div>\n\n<p>Jedini istra\u017eiva\u010d ovog genocida Momir Milanovi\u0107 iz Jagodine ka\u017ee da se brojka streljanih u tom gradu \u00a0kre\u0107e od 2.500 do 9.000 nevinih Srba iz centralne Srbije na dvadesetak lokacija u neposrednoj okolini grada.<\/p>\n<p>&#8211; Jagodina je bila jedan od sabirnih centara za likvidaciju u centralnoj Srbiji i zato je brojka od vi\u0161e hiljada streljanih civila srpske nacionalnosti odra\u017eava tragi\u010dni momenat u kome se nalazio narod u trenutku ,,oslobo\u0111enja&#8221; u drugom svetskom ratu. Rusi su osloboli Jagodinu 17. oktobra, a partizani su za njima, po svedo\u010denjima, \u00a0u ritama, prljavi i neuredni, \u00a0posle nedelju dana, u\u0161li u grad i zapo\u010deli krvavi teror, pri\u010da Milanovi\u0107.<\/p>\n<p>Imena kapetan Ivo, na\u010delnik OZNE, \u017divorad Kosti\u0107 (21), predsednik Prekog suda i njegov prezimenjak Kosti\u0107 iz Leskovca, koji je bio komandir voda za streljanje, jo\u0161 uvek sa strahom izgovaraju stariji Jagodinici.<\/p>\n<p>&#8211; Meni su stradali brat od strica moje majke i\u00a0 te\u010da. Brata su pretukli jer nije hteo da strelja svog strica. Saznali su da mu je stric iz Beo\u010di\u0107a bio \u010detni\u010dki jatak i naredili su mu da ga ubije. Odbio je i zverski je pretu\u010den, od povreda je preminuo posle nekoliko dana. Te\u010du su prebili skojevci 1948. godine, on je bio sve\u0161tenik i zidao je crkvu u Siokovcu. Sin mu je kasnije radio kao hirurg u \u0106upriji. Strica po ocu su likvidirali partizani, nisu mu verovali, metak u potiljak se video prilikom sahrane. Tek 2002. godine njegov ubica je na samrti to priznao jer nije mogao da umre dok to nije rekao. Tako je ubijen narodni heroj Bo\u0161ko \u0110uri\u010di\u0107, metkom u potiljak, ka\u017ee Milanovi\u0107.<\/p>\n<p>Prvih nekoliko dana posle oslobo\u0111enja predsednik op\u0161tine Jagodina \u00a0bio je neki Nikoli\u0107 iz \u0160antarovca, zatim je do\u0161ao Milo\u0161 \u017divanovi\u0107. Krvavi meseci potresali su Jagodinu od oktobra 1944. do 1. maja 1945., malo lak\u0161e, ali ni\u0161ta manje okruno bilo je i tokom 1945. godine i kasnijih godina.<\/p>\n<p>&#8211; Jedno od mesta gde su streljani nevini Srbi je na \u0106ilijanu, od \u010desme Markovi\u0107a prema vrhu brda nalazi se grobinica vi\u0161e stotina ubijenih. Ro\u0111ak \u017eenin, \u010dijeg su oca, ina\u010de predsednika op\u0161tine \u0106uprija, streljali, mi je ispri\u010dao da ga je ubica, koji je zajedno sa njim radio u Fabrici kablova, odveo na do mesta ubistva. Tu je sada ku\u0107a nekog knjigovo\u0111e. Toliko su ih plitko sahranjivali da su psi razvla\u010dili delove tela. Porodicama nije dozvoljavano da pri\u0111u, obja\u0161njava Milanovi\u0107.<\/p>\n<p>Iz Donjeg Ljubi\u0161a sela kod Aleksinca dolazili su ro\u0111aci tridesetoro ubijenih da preuzmu tela, ali im nije dozvoljeno da pri\u0111u.<\/p>\n<p>&#8211; Mladi oficir \u017divorad Kosti\u0107 (21), koji sada ima ulicu u Jagodini u naselju Streli\u0161te, d\u017eelat je dobio svoje groblje, \u00a0kada je postao predsednik Prekog suda, zbog li\u010dne osvete doveo u Jagodinu tridesetak me\u0161tana iz Donjeg Lubi\u0161a i sve ih osudio na smrt. Oni su se navodno zamerili njemu i njegovima za vreme rata. Dr\u017eao ih je nekoliko dana u Tekstilnoj \u0161koli preko puta crkve, a zatim ih je izveo u bagremar Mike Milanovi\u0107a na \u0110ur\u0111evom Brdu \u00a0i sve postreljao. On je kasnije postao general i poginuo u saobra\u0107ajnoj nesre\u0107i kada je po\u0161ao u Jagodinu na proslavu 17. oktobra na poziv Radmila Bogdanovi\u0107a na uru\u010denje Oktobrske nagarde zbog zasluga prilikom oslobo\u0111enja. Nema pet presuda iz tog doba, sem za po komunistima nekolicinu ,,krupnih&#8221; poput Spire Risti\u0107a koji je bio vlasnik Balonare u Bagrdanu i sli\u010dnih kapitalista, pri\u010da Milanovi\u0107.<\/p>\n<p>Na\u010delnik OZNE kapetan Ivo je proveo u Jagodini \u0161est meseci i okrvavio ruke krvlju nevinih Srba.<\/p>\n<p>&#8211; Hrvat kapetan Ivo, po slu\u017ebenim podacima biv\u0161i usta\u0161a koji je pre\u0161ao u partizane, postavljen je za na\u010delnika OZNE u Jagodini. On se pona\u0161ao kao pravi usta\u0161ki kolja\u010d. Doveden je da ubija i bio je jedan od glavnih egzekutora, poslat sa zadatkom da \u010disti sve. Kapetan Ivo je la\u017eno ime tog oficira OZNE. Komunisti se nisu pouzdali u lokalne kolja\u010de, pa su poslali proveren usta\u0161ki kadar za likvidaciju. Glavi kazamati OZNE bili su podrumi u Klefi\u0161evoj ku\u0107i u starom Juhoru, Sokolskom domu ili lokaciji sda\u0161njeg Muzeja i Osnovnog suda. Na zidovima podruma su krvlju ispisane poruke nevinih Srba pred streljanje. Na\u017ealost vlasnici Juhora nisu dozvolili da se to istra\u017ei, ka\u017ee Milanovi\u0107.<\/p>\n<p>Nevini Srbi, po \u010detvorica u redu u koloni od nekoliko stotina sa krvavim rukama vezanim bodljikavom \u017eicom, kretali su se no\u0107u ulicama Jagodine do mesta streljanja na Streil\u0161tu. Iza njih je i\u0161la konjska zaprega sa cisternom sa vodom koja je prala ulice od krvi.<\/p>\n<p>-U likvidacijama su u\u010destvali \u010dlanovi Komiteta pod imenima ,,Pekar&#8221;, Vlasta , ,,Kroja\u010d&#8221;, Mari\u0107 Branko iz Toljevca kod Varvarina se posebno isticao, pa fudbaler Efko, koji je ina\u010de bio u\u010ditelj, pijan se hvalio koliko je ljudi pobio. Ubice su radile po spiskovima sugra\u0111ana ubijenih, niko drugi nije izdavao te ljude sem njihovih prijatelja, kom\u0161ija i ro\u0111aka. Me\u0111utim, jedan doga\u0111aj mo\u017ee da slu\u017ei za primer gradu. Vlasnik Juhora Jozef Klefi\u0161 je osu\u0111en na smrt, ali preko 400 ljudi je potpisalo peticiju da bude pu\u0161ten na slobodu 1946. godine. To je bila hrabrost, pri\u010da Milanovi\u0107.<\/p>\n<p>Mesta gde su dr\u017eani i likvidirani nevini Srbi su sala Partizana sada\u0161nji Muzej, podrum Suda, lokacija kod Muzi\u010dke \u0161kole, na kosini od ograde Elektrodistribucije prema groblju, na starom groblju, na prostoru oko Ruskog groblja,\u00a0 prostor kod crkve na Streli\u0161tu tzv ,,konjsko ili pasje groblje&#8221;, bagremar Mike Milanovi\u0107a, pored vrbaka na Moravi, kod Predora, \u0161anac posle nadvo\u017enjaka ka Rakitovu pored sada\u0161njeg autoputa, na \u0106ilijanu.<\/p>\n<p>&nbsp;<\/p>\n","protected":false},"excerpt":{"rendered":"<p>JAGODINA- Paroh crkve Pokrova Presvete Bogorodice Dejan \u0110or\u0111evi\u0107 osve\u0161tao je prvi spomenik u ovom delu Srbije nevino streljanim gra\u0111anima Jagodine i centralne Srbije posle oktobra &hellip; <\/p>\n","protected":false},"author":2,"featured_media":21428,"comment_status":"open","ping_status":"open","sticky":false,"template":"","format":"standard","meta":{"footnotes":""},"categories":[14,1524,2,1514,887,12],"tags":[4225,58,4224],"_links":{"self":[{"href":"https:\/\/centralmedia.rs\/index.php\/wp-json\/wp\/v2\/posts\/21427"}],"collection":[{"href":"https:\/\/centralmedia.rs\/index.php\/wp-json\/wp\/v2\/posts"}],"about":[{"href":"https:\/\/centralmedia.rs\/index.php\/wp-json\/wp\/v2\/types\/post"}],"author":[{"embeddable":true,"href":"https:\/\/centralmedia.rs\/index.php\/wp-json\/wp\/v2\/users\/2"}],"replies":[{"embeddable":true,"href":"https:\/\/centralmedia.rs\/index.php\/wp-json\/wp\/v2\/comments?post=21427"}],"version-history":[{"count":1,"href":"https:\/\/centralmedia.rs\/index.php\/wp-json\/wp\/v2\/posts\/21427\/revisions"}],"predecessor-version":[{"id":21440,"href":"https:\/\/centralmedia.rs\/index.php\/wp-json\/wp\/v2\/posts\/21427\/revisions\/21440"}],"wp:featuredmedia":[{"embeddable":true,"href":"https:\/\/centralmedia.rs\/index.php\/wp-json\/wp\/v2\/media\/21428"}],"wp:attachment":[{"href":"https:\/\/centralmedia.rs\/index.php\/wp-json\/wp\/v2\/media?parent=21427"}],"wp:term":[{"taxonomy":"category","embeddable":true,"href":"https:\/\/centralmedia.rs\/index.php\/wp-json\/wp\/v2\/categories?post=21427"},{"taxonomy":"post_tag","embeddable":true,"href":"https:\/\/centralmedia.rs\/index.php\/wp-json\/wp\/v2\/tags?post=21427"}],"curies":[{"name":"wp","href":"https:\/\/api.w.org\/{rel}","templated":true}]}}