{"id":21441,"date":"2019-11-24T22:29:49","date_gmt":"2019-11-24T22:29:49","guid":{"rendered":"http:\/\/centralmedia.rs\/?p=21441"},"modified":"2019-11-30T20:13:45","modified_gmt":"2019-11-30T20:13:45","slug":"blic-cetvorica-svilajncana-iza-resetaka-jer-su-oteli-i-tukli-lopove","status":"publish","type":"post","link":"https:\/\/centralmedia.rs\/index.php\/2019\/11\/24\/blic-cetvorica-svilajncana-iza-resetaka-jer-su-oteli-i-tukli-lopove\/","title":{"rendered":"BLIC: \u010cetvorica Svilajn\u010dana iza re\u0161etaka jer su OTELI I TUKLI LOPOVE"},"content":{"rendered":"<p>SVILAJNAC- Javno tu\u017eila\u0161tvo u Despotovcu odredilo je zadr\u017eavanje Du\u0161anu S. (28), Nemanji Lj. (35), Vladimiru M. (35) i Filipu B. (25), svi iz Svilajnca, zbog sumnje da su oteli i maltretirali dve osobe, pi\u0161e Blic.<\/p>\n<p>Du\u0161an S, Nemanja Lj, Vladimir M. i Filip B. sumnji\u010de se da su upotrebom sile uvukli o\u0161te\u0107ene u vozilo i odvezli ih do magacina prodavnice boje i lakova &#8220;Neven&#8221;, gde su ih tri sata dr\u017eali zatvorene i zadali im vi\u0161e udaraca rukama i nogama po glavi i telu, nanev\u0161i im te\u0161ke telesne povrede, navodi se u saop\u0161tenju policije.<\/p>\n<p>Do nasilja je, kako se navodi, do\u0161lo jer su Nikola \u0110. (18) i maloletni Marko A, obojica iz Svilajnca, oplja\u010dkali prodavnicu &#8220;Neven&#8221;, koja pripada osumnji\u010denom Nemanji L.<\/p>\n<p>On je dva dana posle plja\u010dke sreo ispred hotela Topoljar u Svilajncu Du\u0161ana S, koji je odmah izvadio kai\u0161 iz pantalona i maloletnog M. A. vezao za ruku, a zatim pozvao telefonom ostale osumnji\u010dene, pi\u0161e u saop\u0161tenju.<\/p>\n<p>O\u0161te\u0107eni su, ina\u010de, lica koja su poznata policiji kao izvr\u0161ioci vi\u0161e krivi\u010dnih dela te\u0161kih kra\u0111a.<\/p>\n<p>&nbsp;<\/p>\n<p>&nbsp;<\/p>\n<p>&nbsp;<\/p>\n","protected":false},"excerpt":{"rendered":"<p>SVILAJNAC- Javno tu\u017eila\u0161tvo u Despotovcu odredilo je zadr\u017eavanje Du\u0161anu S. (28), Nemanji Lj. (35), Vladimiru M. (35) i Filipu B. (25), svi iz Svilajnca, zbog &hellip; <\/p>\n","protected":false},"author":2,"featured_media":16553,"comment_status":"open","ping_status":"open","sticky":false,"template":"","format":"standard","meta":{"footnotes":""},"categories":[1524,20,2,887,12,1517],"tags":[789,38,4226],"_links":{"self":[{"href":"https:\/\/centralmedia.rs\/index.php\/wp-json\/wp\/v2\/posts\/21441"}],"collection":[{"href":"https:\/\/centralmedia.rs\/index.php\/wp-json\/wp\/v2\/posts"}],"about":[{"href":"https:\/\/centralmedia.rs\/index.php\/wp-json\/wp\/v2\/types\/post"}],"author":[{"embeddable":true,"href":"https:\/\/centralmedia.rs\/index.php\/wp-json\/wp\/v2\/users\/2"}],"replies":[{"embeddable":true,"href":"https:\/\/centralmedia.rs\/index.php\/wp-json\/wp\/v2\/comments?post=21441"}],"version-history":[{"count":1,"href":"https:\/\/centralmedia.rs\/index.php\/wp-json\/wp\/v2\/posts\/21441\/revisions"}],"predecessor-version":[{"id":21442,"href":"https:\/\/centralmedia.rs\/index.php\/wp-json\/wp\/v2\/posts\/21441\/revisions\/21442"}],"wp:featuredmedia":[{"embeddable":true,"href":"https:\/\/centralmedia.rs\/index.php\/wp-json\/wp\/v2\/media\/16553"}],"wp:attachment":[{"href":"https:\/\/centralmedia.rs\/index.php\/wp-json\/wp\/v2\/media?parent=21441"}],"wp:term":[{"taxonomy":"category","embeddable":true,"href":"https:\/\/centralmedia.rs\/index.php\/wp-json\/wp\/v2\/categories?post=21441"},{"taxonomy":"post_tag","embeddable":true,"href":"https:\/\/centralmedia.rs\/index.php\/wp-json\/wp\/v2\/tags?post=21441"}],"curies":[{"name":"wp","href":"https:\/\/api.w.org\/{rel}","templated":true}]}}