{"id":21475,"date":"2019-11-26T19:30:11","date_gmt":"2019-11-26T19:30:11","guid":{"rendered":"http:\/\/centralmedia.rs\/?p=21475"},"modified":"2019-11-30T20:11:44","modified_gmt":"2019-11-30T20:11:44","slug":"svetske-legende-atletike-i-rekorderi-bubka-i-emijan-posetili-cupriju","status":"publish","type":"post","link":"https:\/\/centralmedia.rs\/index.php\/2019\/11\/26\/svetske-legende-atletike-i-rekorderi-bubka-i-emijan-posetili-cupriju\/","title":{"rendered":"SVETSKE LEGENDE ATLETIKE I  REKORDERI BUBKA I EMIJAN POSETILI \u0106UPRIJU"},"content":{"rendered":"<p>\u0106UPRIJA- Legende svetske atletike Sergej Bubka, prvi potpredsednik Svetske atletske federacija, i Robert Emijan, evrospki rekorder u skoku u dalj 8,86, \u00a0sa direktorom ASS Slobodanom Brankovi\u0107em posetili su \u0106upriju i posle obilaska \u00a0gradili\u0161ta novog Atletskog centra Srbije u tom gradu najavili da \u0107e taj sportski centar biti 2022. godine uklju\u010den u realizaciju \u00a0Svetskog dvoranskog prvenstva u atletici. Njihov doma\u0107in predsednik op\u0161tine Ninoslav Eri\u0107 najavio je zavr\u0161etak prve faze izgradnje za kraj ove godine i u martu po\u010detak radova na Atletskoj dvorani.<\/p>\n<div id='gallery-1' class='gallery galleryid-21475 gallery-columns-5 gallery-size-thumbnail'><figure class='gallery-item'>\n\t\t\t<div class='gallery-icon landscape'>\n\t\t\t\t<a href='https:\/\/centralmedia.rs\/index.php\/2019\/11\/26\/svetske-legende-atletike-i-rekorderi-bubka-i-emijan-posetili-cupriju\/bubka4\/'><img loading=\"lazy\" decoding=\"async\" width=\"150\" height=\"150\" src=\"https:\/\/centralmedia.rs\/wp-content\/uploads\/2019\/11\/bubka4-150x150.jpg\" class=\"attachment-thumbnail size-thumbnail\" alt=\"\" \/><\/a>\n\t\t\t<\/div><\/figure><figure class='gallery-item'>\n\t\t\t<div class='gallery-icon landscape'>\n\t\t\t\t<a href='https:\/\/centralmedia.rs\/index.php\/2019\/11\/26\/svetske-legende-atletike-i-rekorderi-bubka-i-emijan-posetili-cupriju\/bubka3\/'><img loading=\"lazy\" decoding=\"async\" width=\"150\" height=\"150\" src=\"https:\/\/centralmedia.rs\/wp-content\/uploads\/2019\/11\/bubka3-150x150.jpg\" class=\"attachment-thumbnail size-thumbnail\" alt=\"\" \/><\/a>\n\t\t\t<\/div><\/figure><figure class='gallery-item'>\n\t\t\t<div class='gallery-icon landscape'>\n\t\t\t\t<a href='https:\/\/centralmedia.rs\/index.php\/2019\/11\/26\/svetske-legende-atletike-i-rekorderi-bubka-i-emijan-posetili-cupriju\/bubka2\/'><img loading=\"lazy\" decoding=\"async\" width=\"150\" height=\"150\" src=\"https:\/\/centralmedia.rs\/wp-content\/uploads\/2019\/11\/bubka2-150x150.jpg\" class=\"attachment-thumbnail size-thumbnail\" alt=\"\" \/><\/a>\n\t\t\t<\/div><\/figure><figure class='gallery-item'>\n\t\t\t<div class='gallery-icon landscape'>\n\t\t\t\t<a href='https:\/\/centralmedia.rs\/index.php\/2019\/11\/26\/svetske-legende-atletike-i-rekorderi-bubka-i-emijan-posetili-cupriju\/bubka1\/'><img loading=\"lazy\" decoding=\"async\" width=\"150\" height=\"150\" src=\"https:\/\/centralmedia.rs\/wp-content\/uploads\/2019\/11\/bubka1-150x150.jpg\" class=\"attachment-thumbnail size-thumbnail\" alt=\"\" \/><\/a>\n\t\t\t<\/div><\/figure><figure class='gallery-item'>\n\t\t\t<div class='gallery-icon landscape'>\n\t\t\t\t<a href='https:\/\/centralmedia.rs\/index.php\/2019\/11\/26\/svetske-legende-atletike-i-rekorderi-bubka-i-emijan-posetili-cupriju\/bubka\/'><img loading=\"lazy\" decoding=\"async\" width=\"150\" height=\"150\" src=\"https:\/\/centralmedia.rs\/wp-content\/uploads\/2019\/11\/bubka-150x150.jpg\" class=\"attachment-thumbnail size-thumbnail\" alt=\"\" \/><\/a>\n\t\t\t<\/div><\/figure>\n\t\t<\/div>\n\n<p>&#8211; Vrlo sam sre\u0107an u Srbiji, Beogradu i \u0106upriji. Brankovi\u0107 nas je obavestio da se u Srbiji gradi ve\u0107i broj atletskih stadiona, a u \u0106upriji i atletska dvorana to je izuzetno dragoceno. Svi\u0111a mi se stadion i sportska infrastrutura je va\u017ena za razvoj atletike. Zahvaljem se Eri\u0107u, Brankovi\u0107u i i predsedniku ASS Jevrosimovi\u0107u za sve \u0161to rade za razvoj atletike, ka\u017ee Bubka.<\/p>\n<p>Brankovi\u0107 je najavio da \u0107e Atletski centar Srbije u \u0106upriji biti baza za pripremu i aklimatizaciju svetskih sportista koji \u0107e se takmi\u010diti na Svetskom prvenstvu u Beogradu 2022. godine. Pored sportskih, najavio je i izgradnju sme\u0161tajnih kapaciteta za sportiste.<\/p>\n<div id='gallery-2' class='gallery galleryid-21475 gallery-columns-9 gallery-size-thumbnail'><figure class='gallery-item'>\n\t\t\t<div class='gallery-icon landscape'>\n\t\t\t\t<a href='https:\/\/centralmedia.rs\/index.php\/2019\/11\/26\/svetske-legende-atletike-i-rekorderi-bubka-i-emijan-posetili-cupriju\/stadion-4\/'><img loading=\"lazy\" decoding=\"async\" width=\"150\" height=\"150\" src=\"https:\/\/centralmedia.rs\/wp-content\/uploads\/2019\/11\/stadion-150x150.jpg\" class=\"attachment-thumbnail size-thumbnail\" alt=\"\" \/><\/a>\n\t\t\t<\/div><\/figure><figure class='gallery-item'>\n\t\t\t<div class='gallery-icon landscape'>\n\t\t\t\t<a href='https:\/\/centralmedia.rs\/index.php\/2019\/11\/26\/svetske-legende-atletike-i-rekorderi-bubka-i-emijan-posetili-cupriju\/stadion1-3\/'><img loading=\"lazy\" decoding=\"async\" width=\"150\" height=\"150\" src=\"https:\/\/centralmedia.rs\/wp-content\/uploads\/2019\/11\/stadion1-150x150.jpg\" class=\"attachment-thumbnail size-thumbnail\" alt=\"\" \/><\/a>\n\t\t\t<\/div><\/figure><figure class='gallery-item'>\n\t\t\t<div class='gallery-icon landscape'>\n\t\t\t\t<a href='https:\/\/centralmedia.rs\/index.php\/2019\/11\/26\/svetske-legende-atletike-i-rekorderi-bubka-i-emijan-posetili-cupriju\/stadion2-3\/'><img loading=\"lazy\" decoding=\"async\" width=\"150\" height=\"150\" src=\"https:\/\/centralmedia.rs\/wp-content\/uploads\/2019\/11\/stadion2-150x150.jpg\" class=\"attachment-thumbnail size-thumbnail\" alt=\"\" \/><\/a>\n\t\t\t<\/div><\/figure><figure class='gallery-item'>\n\t\t\t<div class='gallery-icon landscape'>\n\t\t\t\t<a href='https:\/\/centralmedia.rs\/index.php\/2019\/11\/26\/svetske-legende-atletike-i-rekorderi-bubka-i-emijan-posetili-cupriju\/stadion3-2\/'><img loading=\"lazy\" decoding=\"async\" width=\"150\" height=\"150\" src=\"https:\/\/centralmedia.rs\/wp-content\/uploads\/2019\/11\/stadion3-150x150.jpg\" class=\"attachment-thumbnail size-thumbnail\" alt=\"\" \/><\/a>\n\t\t\t<\/div><\/figure><figure class='gallery-item'>\n\t\t\t<div class='gallery-icon landscape'>\n\t\t\t\t<a href='https:\/\/centralmedia.rs\/index.php\/2019\/11\/26\/svetske-legende-atletike-i-rekorderi-bubka-i-emijan-posetili-cupriju\/stadion4\/'><img loading=\"lazy\" decoding=\"async\" width=\"150\" height=\"150\" src=\"https:\/\/centralmedia.rs\/wp-content\/uploads\/2019\/11\/stadion4-150x150.jpg\" class=\"attachment-thumbnail size-thumbnail\" alt=\"\" \/><\/a>\n\t\t\t<\/div><\/figure><figure class='gallery-item'>\n\t\t\t<div class='gallery-icon landscape'>\n\t\t\t\t<a href='https:\/\/centralmedia.rs\/index.php\/2019\/11\/26\/svetske-legende-atletike-i-rekorderi-bubka-i-emijan-posetili-cupriju\/stadion5\/'><img loading=\"lazy\" decoding=\"async\" width=\"150\" height=\"150\" src=\"https:\/\/centralmedia.rs\/wp-content\/uploads\/2019\/11\/stadion5-150x150.jpg\" class=\"attachment-thumbnail size-thumbnail\" alt=\"\" \/><\/a>\n\t\t\t<\/div><\/figure><figure class='gallery-item'>\n\t\t\t<div class='gallery-icon landscape'>\n\t\t\t\t<a href='https:\/\/centralmedia.rs\/index.php\/2019\/11\/26\/svetske-legende-atletike-i-rekorderi-bubka-i-emijan-posetili-cupriju\/stadion6\/'><img loading=\"lazy\" decoding=\"async\" width=\"150\" height=\"150\" src=\"https:\/\/centralmedia.rs\/wp-content\/uploads\/2019\/11\/stadion6-150x150.jpg\" class=\"attachment-thumbnail size-thumbnail\" alt=\"\" \/><\/a>\n\t\t\t<\/div><\/figure><figure class='gallery-item'>\n\t\t\t<div class='gallery-icon landscape'>\n\t\t\t\t<a href='https:\/\/centralmedia.rs\/index.php\/2019\/11\/26\/svetske-legende-atletike-i-rekorderi-bubka-i-emijan-posetili-cupriju\/stadion7\/'><img loading=\"lazy\" decoding=\"async\" width=\"150\" height=\"150\" src=\"https:\/\/centralmedia.rs\/wp-content\/uploads\/2019\/11\/stadion7-150x150.jpg\" class=\"attachment-thumbnail size-thumbnail\" alt=\"\" \/><\/a>\n\t\t\t<\/div><\/figure><figure class='gallery-item'>\n\t\t\t<div class='gallery-icon landscape'>\n\t\t\t\t<a href='https:\/\/centralmedia.rs\/index.php\/2019\/11\/26\/svetske-legende-atletike-i-rekorderi-bubka-i-emijan-posetili-cupriju\/stadion8\/'><img loading=\"lazy\" decoding=\"async\" width=\"150\" height=\"150\" src=\"https:\/\/centralmedia.rs\/wp-content\/uploads\/2019\/11\/stadion8-150x150.jpg\" class=\"attachment-thumbnail size-thumbnail\" alt=\"\" \/><\/a>\n\t\t\t<\/div><\/figure>\n\t\t<\/div>\n\n<p>-Drago mi je da nas je predsednik Eri\u0107 pozvao da vidimo ovu prelelepu stazu i da \u0107emo naredne godine imati priliku vidimo atletsku dvoranu, koja \u0107e nam koristiti za realizaciju Svetskog dvoranskog prvenstva u atletici. Mnogi svetski atleti\u010dari ima\u0107e u \u0106upriji bazu i tu \u0107e se pripremati i aklimatizovati, a kada do\u0111e vreme za takmi\u010denje pre\u0107i\u0107e u Beograd. Ne treba da pri\u010dam koliko \u0107e to zna\u010diti za \u0106upriju, imate \u010doveka sa najvi\u0161e energije od svih predsednika i gradona\u010delnika u Srbiji. Eri\u0107 je 2017. godine imao petlju da preuzme veliki kola\u010d za ovako mali grad i dugujem mu veliku zahvalnost, jer je u\u010dinio veliku stvar za atletiku i siguran sam \u0106upriju, rekao je Brankovi\u0107, ina\u010de nosilac priznanja Po\u010dasni gra\u0111anin \u0106uprije.<\/p>\n<p>Eri\u0107 je najavio da \u0107e radovi na prvoj fazi izgradnje Atletskog centra Srbije biti zavr\u0161eni do kraja ove godine i da slede\u0107e godine po\u010dinje izgradnja atletske dvorane, kako bi sve spremno do\u010dekalo sportiste za Svetsko atletsko prvenstvo. Vrednost radova je oko 500 miliona dinara.<\/p>\n<p>-Op\u0161tina finansira prvu fazu izgradnje, dok \u0107e, prema dogovoru sa premijerkom Anom Brnabi\u0107, izgradnju dvorane pomo\u0107i Vlada Srbije. O\u010dekujem da 2020. godine krenemo u izgradnju velikog sportskog kompleksa sa atletskom dvoranom. \u0106uprija \u0107e biti baza svetskim atleti\u010darima za Svetsko prvenstvo, ali i svima koji \u017eele da treniraju ili se rekreiraju, istakao je Eri\u0107.<\/p>\n<p>Veliki srpski atleti\u010dar Dragan Zdravkovi\u0107, sada predsednik lokalnog Sportskog saveza, uverava da \u0107e spotski kompleks biti od koristi celoj Srbiji.<\/p>\n<p>&#8211; Drago mi \u0161to svetski i evropski rekorderi dolaze u \u0106upriju. Zahvaljujem se Bubki, Emijanu i Brankovi\u0107u. Atletika za \u0106upriju mnogo zna\u010di, verujem da \u0107e objekat koji se gradi biti prava stvar za Srbiju, poru\u010dio je Zdravkovi\u0107 jo\u0161 uvek aktuelni rekorder na srednjim prugama.<\/p>\n<p>Eri\u0107 je Bubki uru\u010dio veliki medaljon sa prikazom grifona, za\u0161titnika, iz manastira Ravanica.<\/p>\n<p>&nbsp;<\/p>\n","protected":false},"excerpt":{"rendered":"<p>\u0106UPRIJA- Legende svetske atletike Sergej Bubka, prvi potpredsednik Svetske atletske federacija, i Robert Emijan, evrospki rekorder u skoku u dalj 8,86, \u00a0sa direktorom ASS Slobodanom &hellip; <\/p>\n","protected":false},"author":2,"featured_media":21476,"comment_status":"open","ping_status":"open","sticky":false,"template":"","format":"standard","meta":{"footnotes":""},"categories":[1515,1524,2,887,21,12],"tags":[48,4237,44,4238,4239],"_links":{"self":[{"href":"https:\/\/centralmedia.rs\/index.php\/wp-json\/wp\/v2\/posts\/21475"}],"collection":[{"href":"https:\/\/centralmedia.rs\/index.php\/wp-json\/wp\/v2\/posts"}],"about":[{"href":"https:\/\/centralmedia.rs\/index.php\/wp-json\/wp\/v2\/types\/post"}],"author":[{"embeddable":true,"href":"https:\/\/centralmedia.rs\/index.php\/wp-json\/wp\/v2\/users\/2"}],"replies":[{"embeddable":true,"href":"https:\/\/centralmedia.rs\/index.php\/wp-json\/wp\/v2\/comments?post=21475"}],"version-history":[{"count":3,"href":"https:\/\/centralmedia.rs\/index.php\/wp-json\/wp\/v2\/posts\/21475\/revisions"}],"predecessor-version":[{"id":21501,"href":"https:\/\/centralmedia.rs\/index.php\/wp-json\/wp\/v2\/posts\/21475\/revisions\/21501"}],"wp:featuredmedia":[{"embeddable":true,"href":"https:\/\/centralmedia.rs\/index.php\/wp-json\/wp\/v2\/media\/21476"}],"wp:attachment":[{"href":"https:\/\/centralmedia.rs\/index.php\/wp-json\/wp\/v2\/media?parent=21475"}],"wp:term":[{"taxonomy":"category","embeddable":true,"href":"https:\/\/centralmedia.rs\/index.php\/wp-json\/wp\/v2\/categories?post=21475"},{"taxonomy":"post_tag","embeddable":true,"href":"https:\/\/centralmedia.rs\/index.php\/wp-json\/wp\/v2\/tags?post=21475"}],"curies":[{"name":"wp","href":"https:\/\/api.w.org\/{rel}","templated":true}]}}