{"id":2148,"date":"2016-02-21T10:23:49","date_gmt":"2016-02-21T10:23:49","guid":{"rendered":"http:\/\/centralmedia.rs\/?p=2148"},"modified":"2016-02-21T13:25:59","modified_gmt":"2016-02-21T13:25:59","slug":"jagodinski-pups-preso-kod-palme","status":"publish","type":"post","link":"https:\/\/centralmedia.rs\/index.php\/2016\/02\/21\/jagodinski-pups-preso-kod-palme\/","title":{"rendered":"PUPS RASPUSTIO JAGODINSKI ODBOR &#8211; PENZIONERI PRE\u0160LI KOD PALME"},"content":{"rendered":"<p>JAGODINA-\u010clanovi Gradskog odbora PUPS u Jagodini usvojili su u nedelju odluku da kolektivno sa svim \u010dlanovima pre\u0111u u Jedinstvenu Srbiju, kao i da se \u010dlanske karte PUPS vrate centrali u Beogradu.Me\u0111utim, iz PUPS negiraju to, jer je u subotu raspu\u0161ten taj gradski odbor, te su \u010dlanovi mogli da donesu odluku o pojedina\u010dnom prelasku u JS, ali nikako kao odbor.<br \/>\n\t-Nezadovoljni odlukom Predseni\u0161tva PUPS da iza\u0111e iz koalicije SPS-PUPS-JS, Gradski dobor odlu\u010dio je da kolektivno pre\u0111e u JS, gde \u0107e nastaviti rad kao partijska organizacija penzionera u sastavu te stranke. \u010clanske karte PUPS vrati\u0107emo centrali u Beogradu, saop\u0161tio je predsednik jagodinskih penzionera \u010caslav \u0110or\u0111evi\u0107 i dodao da ta stranka ima oko 1.000 \u010dlanova u Jagodini.<br \/>\n\u010clanovi biv\u0161eg gradskog odbora jednoglasno su podr\u017eali ovaj predlog.<br \/>\n-Funkcioneri PUPS koji su bili u Jagodini u subotu uru\u010dili su odluku o raspu\u0161tanju gradskog odbora, odluku o isklju\u010denju \u010caslava \u0110or\u0111evi\u0107a iz PUPS, izvr\u0161ili primoredaju i preuzumanje stvari koje su u vlasni\u0161tvu PUPS. Sastanak koji je odr\u017ean u nedelju mogao je da bude samo sastanak grupe gra\u0111ana koja je donela nekakvu odluku o svojoj aktivnosti,  istakao je potpredsednik PUPS Mom\u010dilo Vuksanovi\u0107 i dodao da se veliki broj \u010dlanona ne sla\u017ee sa ovim \u0161to je u\u010dinio isklju\u010deni \u0110or\u0111evi\u0107 i \u017eeli da radi i budu aktivni i dalje u PUPS.<br \/>\nPredsednik Milan Krkobabi\u0107 i Izvr\u0161ni odbor jo\u0161 uvek nisu doneli kona\u010dnu odluku o povereniku, jer postoji ve\u0107i broj kandidata.<\/p>\n","protected":false},"excerpt":{"rendered":"<p>JAGODINA-\u010clanovi Gradskog odbora PUPS u Jagodini usvojili su u nedelju odluku da kolektivno sa svim \u010dlanovima pre\u0111u u Jedinstvenu Srbiju, kao i da se \u010dlanske &hellip; <\/p>\n","protected":false},"author":4,"featured_media":2149,"comment_status":"open","ping_status":"open","sticky":false,"template":"","format":"standard","meta":{"footnotes":""},"categories":[2,13,12],"tags":[58,544,553],"_links":{"self":[{"href":"https:\/\/centralmedia.rs\/index.php\/wp-json\/wp\/v2\/posts\/2148"}],"collection":[{"href":"https:\/\/centralmedia.rs\/index.php\/wp-json\/wp\/v2\/posts"}],"about":[{"href":"https:\/\/centralmedia.rs\/index.php\/wp-json\/wp\/v2\/types\/post"}],"author":[{"embeddable":true,"href":"https:\/\/centralmedia.rs\/index.php\/wp-json\/wp\/v2\/users\/4"}],"replies":[{"embeddable":true,"href":"https:\/\/centralmedia.rs\/index.php\/wp-json\/wp\/v2\/comments?post=2148"}],"version-history":[{"count":0,"href":"https:\/\/centralmedia.rs\/index.php\/wp-json\/wp\/v2\/posts\/2148\/revisions"}],"wp:featuredmedia":[{"embeddable":true,"href":"https:\/\/centralmedia.rs\/index.php\/wp-json\/wp\/v2\/media\/2149"}],"wp:attachment":[{"href":"https:\/\/centralmedia.rs\/index.php\/wp-json\/wp\/v2\/media?parent=2148"}],"wp:term":[{"taxonomy":"category","embeddable":true,"href":"https:\/\/centralmedia.rs\/index.php\/wp-json\/wp\/v2\/categories?post=2148"},{"taxonomy":"post_tag","embeddable":true,"href":"https:\/\/centralmedia.rs\/index.php\/wp-json\/wp\/v2\/tags?post=2148"}],"curies":[{"name":"wp","href":"https:\/\/api.w.org\/{rel}","templated":true}]}}