{"id":21525,"date":"2019-11-28T14:36:22","date_gmt":"2019-11-28T14:36:22","guid":{"rendered":"http:\/\/centralmedia.rs\/?p=21525"},"modified":"2019-11-30T19:47:21","modified_gmt":"2019-11-30T19:47:21","slug":"obnova-doma-kulture-u-kusiljevu-posle-70-godina","status":"publish","type":"post","link":"https:\/\/centralmedia.rs\/index.php\/2019\/11\/28\/obnova-doma-kulture-u-kusiljevu-posle-70-godina\/","title":{"rendered":"OBNOVA DOMA KULTURE U KU\u0160ILJEVU POSLE 70 GODINA"},"content":{"rendered":"<p>SVILAJNAC- U petak \u00a019 \u010dasova zvani\u010dno \u0107e biti otvoren rekonstruisana zgrada Doma kulture u Ku\u0161iljevu kod Svilajnca. Radove je finansirala Op\u0161tina Svilajnac u saradnji sa EUPRO i Ministarstvom kulture,a ukupna vrednost radova je oko 33 miliona dinara. Predhodno \u0107e biti obavljena poseta De\u010dijem odeljenje u adaptiranom prostoru Resavske biblioteke,\u00a0 \u010dije radove na osposobljavanju je sufinasiralo Ministarstvo kulture i informisanja sa 4. miliona u okviru istog konkursa. Otvaranju \u0107e prisustvovati predsednik op\u0161tine Svilajnac Predrag Milanovi\u0107, predstavnici razvojnog programa EUPRO i ministar kulture Vladan Vukosavljevi\u0107.<\/p>\n<p><img loading=\"lazy\" decoding=\"async\" class=\"alignnone wp-image-21527 size-large\" src=\"http:\/\/centralmedia.rs\/wp-content\/uploads\/2019\/11\/kusiljevo1-1024x683.jpg\" alt=\"\" width=\"640\" height=\"427\" srcset=\"https:\/\/centralmedia.rs\/wp-content\/uploads\/2019\/11\/kusiljevo1-1024x683.jpg 1024w, https:\/\/centralmedia.rs\/wp-content\/uploads\/2019\/11\/kusiljevo1-300x200.jpg 300w, https:\/\/centralmedia.rs\/wp-content\/uploads\/2019\/11\/kusiljevo1-768x512.jpg 768w, https:\/\/centralmedia.rs\/wp-content\/uploads\/2019\/11\/kusiljevo1-630x420.jpg 630w, https:\/\/centralmedia.rs\/wp-content\/uploads\/2019\/11\/kusiljevo1-640x427.jpg 640w, https:\/\/centralmedia.rs\/wp-content\/uploads\/2019\/11\/kusiljevo1-681x454.jpg 681w, https:\/\/centralmedia.rs\/wp-content\/uploads\/2019\/11\/kusiljevo1.jpg 2048w\" sizes=\"(max-width: 640px) 100vw, 640px\" \/><\/p>\n<p>Op\u0161tina Svilajnac godinama unazad prepoznaje zna\u010daj i potrebu ulaganja u obnovu objekata kulture. Predhodnih godina kompletno je sre\u0111en gradski Centar za kulturu, moderno opremljen, dovodi najpoznatija imena srpske gluma\u010dke scene, tako\u0111e u sali Centra redovne su projekcije najnovijih filmkih ostvarenja. Pored gradskog Centra za kulturu, ulagalo se i u seoske domove kulture.\u00a0 Jedan od najve\u0107ih projekata je rekonstrukcija Doma kulture u najve\u0107em svilajna\u010dkom selu Ku\u0161iljevu koji nije obnavljan od osnivanja davne 1947.godine. Ova rekonstrukcija \u0107e ponovo o\u017eiveti kulturni \u017eivot ovog sela, koje broji skoro 3.000 stanovnika. Radovi na rekonstrukciji su podrazumevali izradu nove krovne konstrukcije, izradu fasade sa termoizolacijom, kompletnu zamenu unutra\u0161nje i spolja\u0161nje stolarije, nove podne obloge, gletovanje i kre\u010denje, zamenu svih instalacija, izgradnju nove bine i opremanje name\u0161tajem.<\/p>\n","protected":false},"excerpt":{"rendered":"<p>SVILAJNAC- U petak \u00a019 \u010dasova zvani\u010dno \u0107e biti otvoren rekonstruisana zgrada Doma kulture u Ku\u0161iljevu kod Svilajnca. Radove je finansirala Op\u0161tina Svilajnac u saradnji sa &hellip; <\/p>\n","protected":false},"author":2,"featured_media":21526,"comment_status":"open","ping_status":"open","sticky":false,"template":"","format":"standard","meta":{"footnotes":""},"categories":[1524,2,15,887,12,1517],"tags":[3893,740,38],"_links":{"self":[{"href":"https:\/\/centralmedia.rs\/index.php\/wp-json\/wp\/v2\/posts\/21525"}],"collection":[{"href":"https:\/\/centralmedia.rs\/index.php\/wp-json\/wp\/v2\/posts"}],"about":[{"href":"https:\/\/centralmedia.rs\/index.php\/wp-json\/wp\/v2\/types\/post"}],"author":[{"embeddable":true,"href":"https:\/\/centralmedia.rs\/index.php\/wp-json\/wp\/v2\/users\/2"}],"replies":[{"embeddable":true,"href":"https:\/\/centralmedia.rs\/index.php\/wp-json\/wp\/v2\/comments?post=21525"}],"version-history":[{"count":1,"href":"https:\/\/centralmedia.rs\/index.php\/wp-json\/wp\/v2\/posts\/21525\/revisions"}],"predecessor-version":[{"id":21528,"href":"https:\/\/centralmedia.rs\/index.php\/wp-json\/wp\/v2\/posts\/21525\/revisions\/21528"}],"wp:featuredmedia":[{"embeddable":true,"href":"https:\/\/centralmedia.rs\/index.php\/wp-json\/wp\/v2\/media\/21526"}],"wp:attachment":[{"href":"https:\/\/centralmedia.rs\/index.php\/wp-json\/wp\/v2\/media?parent=21525"}],"wp:term":[{"taxonomy":"category","embeddable":true,"href":"https:\/\/centralmedia.rs\/index.php\/wp-json\/wp\/v2\/categories?post=21525"},{"taxonomy":"post_tag","embeddable":true,"href":"https:\/\/centralmedia.rs\/index.php\/wp-json\/wp\/v2\/tags?post=21525"}],"curies":[{"name":"wp","href":"https:\/\/api.w.org\/{rel}","templated":true}]}}