{"id":21555,"date":"2019-11-30T20:03:00","date_gmt":"2019-11-30T20:03:00","guid":{"rendered":"http:\/\/centralmedia.rs\/?p=21555"},"modified":"2019-12-03T21:27:52","modified_gmt":"2019-12-03T21:27:52","slug":"obavestenje-otezano-vodosnabdevanje-paracina-i-cuprije","status":"publish","type":"post","link":"https:\/\/centralmedia.rs\/index.php\/2019\/11\/30\/obavestenje-otezano-vodosnabdevanje-paracina-i-cuprije\/","title":{"rendered":"OBAVE\u0160TENJE &#8211; OTE\u017dANO VODOSNABDEVANJE PARA\u0106INA I \u0106UPRIJE"},"content":{"rendered":"<p>PARA\u0106IN\/\u0106UPRIJA- Zbog izme\u0161tanja glavnog cevovoda na mestu susreta sa trasom gasovoda u nedelju 1. decembra do\u0107i\u0107e do prekida snabdevanja vodom Para\u0107ina i \u0106uprije iz pravca Izvora tako da postoji mogu\u0107nost da pojedini delovi grada kao i sela koja se snabdevaju iz izvori\u0161ta \u201e Sveta Petka\u201c ostanu bez vode. U vodovodni sistem grada Para\u0107ina bi\u0107e uklju\u010deni svi dopunski izvori snabdevanja vodom \u2013 bunari,s aop\u0161tabvanjuu iz JP Vodovod u Para\u0107inu.<\/p>\n<p>Iz JKP Ravno 2014. u \u0106upriji najavljuju da \u0107e biti obustavljena isporuka vode ka \u0106upriji, \u0161to \u0107e ote\u017eati vodosnabdevanje. Zavr\u0161etak radova i normalizacija vodosnabdevanjem se o\u010dekuje do ponedeljka.<\/p>\n","protected":false},"excerpt":{"rendered":"<p>PARA\u0106IN\/\u0106UPRIJA- Zbog izme\u0161tanja glavnog cevovoda na mestu susreta sa trasom gasovoda u nedelju 1. decembra do\u0107i\u0107e do prekida snabdevanja vodom Para\u0107ina i \u0106uprije iz pravca &hellip; <\/p>\n","protected":false},"author":2,"featured_media":18463,"comment_status":"open","ping_status":"open","sticky":false,"template":"","format":"standard","meta":{"footnotes":""},"categories":[1515,1524,2,1516,887,16,12],"tags":[44,156,301],"_links":{"self":[{"href":"https:\/\/centralmedia.rs\/index.php\/wp-json\/wp\/v2\/posts\/21555"}],"collection":[{"href":"https:\/\/centralmedia.rs\/index.php\/wp-json\/wp\/v2\/posts"}],"about":[{"href":"https:\/\/centralmedia.rs\/index.php\/wp-json\/wp\/v2\/types\/post"}],"author":[{"embeddable":true,"href":"https:\/\/centralmedia.rs\/index.php\/wp-json\/wp\/v2\/users\/2"}],"replies":[{"embeddable":true,"href":"https:\/\/centralmedia.rs\/index.php\/wp-json\/wp\/v2\/comments?post=21555"}],"version-history":[{"count":2,"href":"https:\/\/centralmedia.rs\/index.php\/wp-json\/wp\/v2\/posts\/21555\/revisions"}],"predecessor-version":[{"id":21557,"href":"https:\/\/centralmedia.rs\/index.php\/wp-json\/wp\/v2\/posts\/21555\/revisions\/21557"}],"wp:featuredmedia":[{"embeddable":true,"href":"https:\/\/centralmedia.rs\/index.php\/wp-json\/wp\/v2\/media\/18463"}],"wp:attachment":[{"href":"https:\/\/centralmedia.rs\/index.php\/wp-json\/wp\/v2\/media?parent=21555"}],"wp:term":[{"taxonomy":"category","embeddable":true,"href":"https:\/\/centralmedia.rs\/index.php\/wp-json\/wp\/v2\/categories?post=21555"},{"taxonomy":"post_tag","embeddable":true,"href":"https:\/\/centralmedia.rs\/index.php\/wp-json\/wp\/v2\/tags?post=21555"}],"curies":[{"name":"wp","href":"https:\/\/api.w.org\/{rel}","templated":true}]}}