{"id":2156,"date":"2016-02-21T21:59:09","date_gmt":"2016-02-21T21:59:09","guid":{"rendered":"http:\/\/centralmedia.rs\/?p=2156"},"modified":"2016-02-21T21:59:40","modified_gmt":"2016-02-21T21:59:40","slug":"tragedija-u-dragocvetu-kod-jagodine-poginuli-supruznici-troje-dece-povredeno","status":"publish","type":"post","link":"https:\/\/centralmedia.rs\/index.php\/2016\/02\/21\/tragedija-u-dragocvetu-kod-jagodine-poginuli-supruznici-troje-dece-povredeno\/","title":{"rendered":"TRAGEDIJA KOD DRAGOCVETA &#8211; POGINULI SUPRU\u017dNICI, TROJE DECE POVRE\u0110ENO"},"content":{"rendered":"<p>JAGODINA-Supru\u017enici Marija Agatonovi\u0107 (23) i Slavi\u0161a Vasi\u0107 (30) iz Rakitova kod Jagodine smrtno su stradali, dok je njihovo troje dece te\u017ee i lak\u0161e povre\u0111eno  u saobra\u0107ajnoj nesre\u0107i u Dragocvetu kod Jagodine koja se dogodila ve\u010deras oko 19.10. Automobil, kojim je upravljao Slavi\u0161a,  sleteo je u krivini sa puta, levom stranom zaka\u010dio u most, prevrnuo se na krov  i upao u korito Jo\u0161ani\u010dke reke. <figure id=\"attachment_2158\" aria-describedby=\"caption-attachment-2158\" style=\"width: 300px\" class=\"wp-caption alignnone\"><a href=\"https:\/\/centralmedia.rs\/wp-content\/uploads\/2016\/02\/slavisa-i-marija.jpg\" rel=\"attachment wp-att-2158\"><img loading=\"lazy\" decoding=\"async\" src=\"https:\/\/centralmedia.rs\/wp-content\/uploads\/2016\/02\/slavisa-i-marija-300x200.jpg\" alt=\"Marija i Slavi\u0161a\" width=\"300\" height=\"200\" class=\"size-medium wp-image-2158\" srcset=\"https:\/\/centralmedia.rs\/wp-content\/uploads\/2016\/02\/slavisa-i-marija-300x200.jpg 300w, https:\/\/centralmedia.rs\/wp-content\/uploads\/2016\/02\/slavisa-i-marija.jpg 600w\" sizes=\"(max-width: 300px) 100vw, 300px\" \/><\/a><figcaption id=\"caption-attachment-2158\" class=\"wp-caption-text\">Marija i Slavi\u0161a<\/figcaption><\/figure><br \/>\nTroje deca je spa\u0161eno iz korita reke i  ona su preve\u017eena u Op\u0161tu bolnicu u Jagodinu, gde su kod dvoje konstatovane lak\u0161e povrde, a te\u017ee povre\u0111eno dete je transportovano za Beograd. Lekari ka\u017eu da je re\u010d o prelomu kuka, dok  drugo  dete ima prelom klju\u010dne kosti, a tre\u0107e ogrebotine po telu. Ta porodica je  tokom popodneva bila kod Marijinih roditelja u obli\u017enjem \u0160uljkovcu. Slavi\u0161i je ovaj putni pravac bio dobro poznat, a istragom \u0107e biti utr\u0111eni uzroci nesre\u0107e. <\/p>\n","protected":false},"excerpt":{"rendered":"<p>JAGODINA-Supru\u017enici Marija Agatonovi\u0107 (23) i Slavi\u0161a Vasi\u0107 (30) iz Rakitova kod Jagodine smrtno su stradali, dok je njihovo troje dece te\u017ee i lak\u0161e povre\u0111eno u &hellip; <\/p>\n","protected":false},"author":4,"featured_media":2157,"comment_status":"open","ping_status":"open","sticky":false,"template":"","format":"standard","meta":{"footnotes":""},"categories":[20,2,12],"tags":[555,556,212],"_links":{"self":[{"href":"https:\/\/centralmedia.rs\/index.php\/wp-json\/wp\/v2\/posts\/2156"}],"collection":[{"href":"https:\/\/centralmedia.rs\/index.php\/wp-json\/wp\/v2\/posts"}],"about":[{"href":"https:\/\/centralmedia.rs\/index.php\/wp-json\/wp\/v2\/types\/post"}],"author":[{"embeddable":true,"href":"https:\/\/centralmedia.rs\/index.php\/wp-json\/wp\/v2\/users\/4"}],"replies":[{"embeddable":true,"href":"https:\/\/centralmedia.rs\/index.php\/wp-json\/wp\/v2\/comments?post=2156"}],"version-history":[{"count":0,"href":"https:\/\/centralmedia.rs\/index.php\/wp-json\/wp\/v2\/posts\/2156\/revisions"}],"wp:featuredmedia":[{"embeddable":true,"href":"https:\/\/centralmedia.rs\/index.php\/wp-json\/wp\/v2\/media\/2157"}],"wp:attachment":[{"href":"https:\/\/centralmedia.rs\/index.php\/wp-json\/wp\/v2\/media?parent=2156"}],"wp:term":[{"taxonomy":"category","embeddable":true,"href":"https:\/\/centralmedia.rs\/index.php\/wp-json\/wp\/v2\/categories?post=2156"},{"taxonomy":"post_tag","embeddable":true,"href":"https:\/\/centralmedia.rs\/index.php\/wp-json\/wp\/v2\/tags?post=2156"}],"curies":[{"name":"wp","href":"https:\/\/api.w.org\/{rel}","templated":true}]}}