{"id":21606,"date":"2019-12-10T07:22:32","date_gmt":"2019-12-10T07:22:32","guid":{"rendered":"http:\/\/centralmedia.rs\/?p=21606"},"modified":"2019-12-11T17:13:44","modified_gmt":"2019-12-11T17:13:44","slug":"izlozba-i-zbornik-radova","status":"publish","type":"post","link":"https:\/\/centralmedia.rs\/index.php\/2019\/12\/10\/izlozba-i-zbornik-radova\/","title":{"rendered":"IZLO\u017dBA I ZBORNIK RADOVA"},"content":{"rendered":"<p>JAGODINA- Fakultet pedago\u0161kih nauka i Istrorijski arhiv u Jagodini sa blagoslovom vladike Jovana obele\u017eili su 120 godina od ro\u0111enja i 70 godina od primanja mona\u0161kog \u010dina mati Ane Ad\u017ei\u0107, igumanije manastira Vra\u0107ev\u0161nica. Tim povodom otvorena je izlo\u017eba\u00a0\u201eMati Ana Ad\u017ei\u0107 \u2014 duhovno \u010dedo vladike Nikolaja Velimirovi\u0107a\u201d i predstavljen zbornik radova \u201eMati Ana (Ad\u017ei\u0107) \u2014 oli\u010denje posve\u0107enosti\u201d. Doga\u0111ajima su prisustvovale i monahanje manastira Vra\u0107ev\u0161nica.<\/p>\n","protected":false},"excerpt":{"rendered":"<p>JAGODINA- Fakultet pedago\u0161kih nauka i Istrorijski arhiv u Jagodini sa blagoslovom vladike Jovana obele\u017eili su 120 godina od ro\u0111enja i 70 godina od primanja mona\u0161kog &hellip; <\/p>\n","protected":false},"author":2,"featured_media":21607,"comment_status":"open","ping_status":"open","sticky":false,"template":"","format":"standard","meta":{"footnotes":""},"categories":[1524,2,1514,15,12],"tags":[2399,4260,4259],"_links":{"self":[{"href":"https:\/\/centralmedia.rs\/index.php\/wp-json\/wp\/v2\/posts\/21606"}],"collection":[{"href":"https:\/\/centralmedia.rs\/index.php\/wp-json\/wp\/v2\/posts"}],"about":[{"href":"https:\/\/centralmedia.rs\/index.php\/wp-json\/wp\/v2\/types\/post"}],"author":[{"embeddable":true,"href":"https:\/\/centralmedia.rs\/index.php\/wp-json\/wp\/v2\/users\/2"}],"replies":[{"embeddable":true,"href":"https:\/\/centralmedia.rs\/index.php\/wp-json\/wp\/v2\/comments?post=21606"}],"version-history":[{"count":1,"href":"https:\/\/centralmedia.rs\/index.php\/wp-json\/wp\/v2\/posts\/21606\/revisions"}],"predecessor-version":[{"id":21608,"href":"https:\/\/centralmedia.rs\/index.php\/wp-json\/wp\/v2\/posts\/21606\/revisions\/21608"}],"wp:featuredmedia":[{"embeddable":true,"href":"https:\/\/centralmedia.rs\/index.php\/wp-json\/wp\/v2\/media\/21607"}],"wp:attachment":[{"href":"https:\/\/centralmedia.rs\/index.php\/wp-json\/wp\/v2\/media?parent=21606"}],"wp:term":[{"taxonomy":"category","embeddable":true,"href":"https:\/\/centralmedia.rs\/index.php\/wp-json\/wp\/v2\/categories?post=21606"},{"taxonomy":"post_tag","embeddable":true,"href":"https:\/\/centralmedia.rs\/index.php\/wp-json\/wp\/v2\/tags?post=21606"}],"curies":[{"name":"wp","href":"https:\/\/api.w.org\/{rel}","templated":true}]}}