{"id":21609,"date":"2019-12-10T07:31:41","date_gmt":"2019-12-10T07:31:41","guid":{"rendered":"http:\/\/centralmedia.rs\/?p=21609"},"modified":"2019-12-11T17:13:53","modified_gmt":"2019-12-11T17:13:53","slug":"gimnazijalci-obelezili-medunarodni-dan-borbe-protiv-korupcije","status":"publish","type":"post","link":"https:\/\/centralmedia.rs\/index.php\/2019\/12\/10\/gimnazijalci-obelezili-medunarodni-dan-borbe-protiv-korupcije\/","title":{"rendered":"GIMNAZIJALCI OBELE\u017dILI ME\u0110UNARODNI DAN BORBE PROTIV KORUPCIJE"},"content":{"rendered":"<p>JAGODINA- Gimnazijalci iz Jagodine obele\u017eili su Me\u0111unarodni dan borbe protiv korupcije 9. decembar podelom propagandnog materijala na gradskom trgu. \u00a0Oni u\u010desvuju u projektu \u201eMre\u017ea mladih Srbije protiv korupcije\u201c Udru\u017eenja gra\u0111ana \u201eSvet re\u010di\u201c iz Velike Plane uz podr\u0161ku Ambasade SAD. Kako je planirano u periodu do aprila 2020. bi\u0107e sproveden \u010ditav niza akcija: radionice vr\u0161nja\u010dkih edukatora sa mladima iz na\u0161e, kao i iz ostalih srednjih \u0161kola u gradu, ure\u0111enje \u0161kolskog panoa sa anti \u2013 korupcijskom porukom. Zavr\u0161ni simpozijum bi\u0107e organizovan u aprilu u Vrnja\u010dkoj Banji, gde \u0107e biti razmenjena iskustva nastavnika \u2013 mentora i u\u010denika o sprovedenim aktivnostima.<\/p>\n<p><img loading=\"lazy\" decoding=\"async\" class=\"alignnone wp-image-21611 size-full\" src=\"http:\/\/centralmedia.rs\/wp-content\/uploads\/2019\/12\/korupcija.jpg\" alt=\"\" width=\"720\" height=\"960\" srcset=\"https:\/\/centralmedia.rs\/wp-content\/uploads\/2019\/12\/korupcija.jpg 720w, https:\/\/centralmedia.rs\/wp-content\/uploads\/2019\/12\/korupcija-225x300.jpg 225w, https:\/\/centralmedia.rs\/wp-content\/uploads\/2019\/12\/korupcija-315x420.jpg 315w, https:\/\/centralmedia.rs\/wp-content\/uploads\/2019\/12\/korupcija-640x853.jpg 640w, https:\/\/centralmedia.rs\/wp-content\/uploads\/2019\/12\/korupcija-681x908.jpg 681w\" sizes=\"(max-width: 720px) 100vw, 720px\" \/><\/p>\n","protected":false},"excerpt":{"rendered":"<p>JAGODINA- Gimnazijalci iz Jagodine obele\u017eili su Me\u0111unarodni dan borbe protiv korupcije 9. decembar podelom propagandnog materijala na gradskom trgu. \u00a0Oni u\u010desvuju u projektu \u201eMre\u017ea mladih &hellip; <\/p>\n","protected":false},"author":2,"featured_media":21610,"comment_status":"open","ping_status":"open","sticky":false,"template":"","format":"standard","meta":{"footnotes":""},"categories":[14,1524,2,1514,12],"tags":[4262,4261,58],"_links":{"self":[{"href":"https:\/\/centralmedia.rs\/index.php\/wp-json\/wp\/v2\/posts\/21609"}],"collection":[{"href":"https:\/\/centralmedia.rs\/index.php\/wp-json\/wp\/v2\/posts"}],"about":[{"href":"https:\/\/centralmedia.rs\/index.php\/wp-json\/wp\/v2\/types\/post"}],"author":[{"embeddable":true,"href":"https:\/\/centralmedia.rs\/index.php\/wp-json\/wp\/v2\/users\/2"}],"replies":[{"embeddable":true,"href":"https:\/\/centralmedia.rs\/index.php\/wp-json\/wp\/v2\/comments?post=21609"}],"version-history":[{"count":1,"href":"https:\/\/centralmedia.rs\/index.php\/wp-json\/wp\/v2\/posts\/21609\/revisions"}],"predecessor-version":[{"id":21612,"href":"https:\/\/centralmedia.rs\/index.php\/wp-json\/wp\/v2\/posts\/21609\/revisions\/21612"}],"wp:featuredmedia":[{"embeddable":true,"href":"https:\/\/centralmedia.rs\/index.php\/wp-json\/wp\/v2\/media\/21610"}],"wp:attachment":[{"href":"https:\/\/centralmedia.rs\/index.php\/wp-json\/wp\/v2\/media?parent=21609"}],"wp:term":[{"taxonomy":"category","embeddable":true,"href":"https:\/\/centralmedia.rs\/index.php\/wp-json\/wp\/v2\/categories?post=21609"},{"taxonomy":"post_tag","embeddable":true,"href":"https:\/\/centralmedia.rs\/index.php\/wp-json\/wp\/v2\/tags?post=21609"}],"curies":[{"name":"wp","href":"https:\/\/api.w.org\/{rel}","templated":true}]}}