{"id":2161,"date":"2016-02-22T05:57:45","date_gmt":"2016-02-22T05:57:45","guid":{"rendered":"http:\/\/centralmedia.rs\/?p=2161"},"modified":"2016-02-22T05:57:45","modified_gmt":"2016-02-22T05:57:45","slug":"ukleti-most-na-josanickoj-reci-kod-dragocveta","status":"publish","type":"post","link":"https:\/\/centralmedia.rs\/index.php\/2016\/02\/22\/ukleti-most-na-josanickoj-reci-kod-dragocveta\/","title":{"rendered":"UKLETI MOST NA JO\u0160ANI\u010cKOJ RECI KOD DRAGOCVETA"},"content":{"rendered":"<p>JAGODINA-Tragi\u010dan prizor, automobil je sleteo u reku, udario krovom u drugu obalu i prevrnuo se na bok, deca vri\u0161te,njihovi roditelji na prednjim sedi\u0161tima nepomi\u010dni. Odmah smo pri\u0161li i pomogli, na\u017ealost nije bilo spasa za majku i oca, pri\u010dali su sino\u0107 okupljeni me\u0161tani Dragocveta posle saobra\u0107ajne nesre\u0107e u kojoj su \u017eivote izgubili supru\u017enici Marija Agatonovi\u0107 (23) i Slavi\u0161a Vasi\u0107 (30) iz Rakitova kod Jagodine, dok je njihovo troje dece te\u017ee i lak\u0161e povre\u0111eno. Saobra\u0107ajna nesre\u0107a dogodila se oko 19.10 na regionalnom putu Kragujevac \u2013 Jagodina u delu puta koji  mostom vodi preko Jo\u0161ani\u010dke reke. <a href=\"https:\/\/centralmedia.rs\/wp-content\/uploads\/2016\/02\/saobracajka-4-jagdoina-g.j..jpg\" rel=\"attachment wp-att-2163\"><img loading=\"lazy\" decoding=\"async\" src=\"https:\/\/centralmedia.rs\/wp-content\/uploads\/2016\/02\/saobracajka-4-jagdoina-g.j.-225x300.jpg\" alt=\"saobracajka 4-jagdoina-g.j.\" width=\"225\" height=\"300\" class=\"alignnone size-medium wp-image-2163\" srcset=\"https:\/\/centralmedia.rs\/wp-content\/uploads\/2016\/02\/saobracajka-4-jagdoina-g.j.-225x300.jpg 225w, https:\/\/centralmedia.rs\/wp-content\/uploads\/2016\/02\/saobracajka-4-jagdoina-g.j.-768x1024.jpg 768w, https:\/\/centralmedia.rs\/wp-content\/uploads\/2016\/02\/saobracajka-4-jagdoina-g.j..jpg 900w\" sizes=\"(max-width: 225px) 100vw, 225px\" \/><\/a><br \/>\nTaj deo puta je crna ta\u010dka, gde se redovno doga\u0111aju saobra\u0107ajne nesre\u0107e, a spomenik svedo\u010di da je bilo i smrtnih ishoda. Ina\u010de, na istom mestu se 1991 godine dogodila saobra\u0107ajna nesre\u0107a sa smrtnim ishodom.<a href=\"https:\/\/centralmedia.rs\/wp-content\/uploads\/2016\/02\/saobracajka-1-jagdoina-g.j..jpg\" rel=\"attachment wp-att-2164\"><img loading=\"lazy\" decoding=\"async\" src=\"https:\/\/centralmedia.rs\/wp-content\/uploads\/2016\/02\/saobracajka-1-jagdoina-g.j.-300x225.jpg\" alt=\"saobracajka 1-jagdoina-g.j.\" width=\"300\" height=\"225\" class=\"alignnone size-medium wp-image-2164\" srcset=\"https:\/\/centralmedia.rs\/wp-content\/uploads\/2016\/02\/saobracajka-1-jagdoina-g.j.-300x225.jpg 300w, https:\/\/centralmedia.rs\/wp-content\/uploads\/2016\/02\/saobracajka-1-jagdoina-g.j.-768x576.jpg 768w, https:\/\/centralmedia.rs\/wp-content\/uploads\/2016\/02\/saobracajka-1-jagdoina-g.j.-80x60.jpg 80w, https:\/\/centralmedia.rs\/wp-content\/uploads\/2016\/02\/saobracajka-1-jagdoina-g.j.-265x198.jpg 265w, https:\/\/centralmedia.rs\/wp-content\/uploads\/2016\/02\/saobracajka-1-jagdoina-g.j..jpg 900w\" sizes=\"(max-width: 300px) 100vw, 300px\" \/><\/a><br \/>\n-Bili smo na licu mesta kada se to dogodilo, auto je sleteo sa puta. Pri\u0161li smo odmah, pomogli vatrogascima i policajcima da ih izvade. Jedno dete je  ispalo iz auta i ono nije bilo povre\u0111eno, dok je ostalo dvoje dece vidno povre\u0111eno. Veliki boj me\u0161tana se okupio da pomogne i sve smo obavili za dvadesetak minuta. Ovaj most je  crna ta\u010dka na putu i stalno se doga\u0111aju saobra\u0107ajne nesre\u0107e, ka\u017ee hrabro me\u0161tanin Dragocveta \u0110or\u0111e Vasi\u0107.<a href=\"https:\/\/centralmedia.rs\/wp-content\/uploads\/2016\/02\/saobracajka-jagdoina-g.j..jpg\" rel=\"attachment wp-att-2165\"><img loading=\"lazy\" decoding=\"async\" src=\"https:\/\/centralmedia.rs\/wp-content\/uploads\/2016\/02\/saobracajka-jagdoina-g.j.-300x225.jpg\" alt=\"saobracajka-jagdoina-g.j.\" width=\"300\" height=\"225\" class=\"alignnone size-medium wp-image-2165\" srcset=\"https:\/\/centralmedia.rs\/wp-content\/uploads\/2016\/02\/saobracajka-jagdoina-g.j.-300x225.jpg 300w, https:\/\/centralmedia.rs\/wp-content\/uploads\/2016\/02\/saobracajka-jagdoina-g.j.-768x576.jpg 768w, https:\/\/centralmedia.rs\/wp-content\/uploads\/2016\/02\/saobracajka-jagdoina-g.j.-80x60.jpg 80w, https:\/\/centralmedia.rs\/wp-content\/uploads\/2016\/02\/saobracajka-jagdoina-g.j.-265x198.jpg 265w, https:\/\/centralmedia.rs\/wp-content\/uploads\/2016\/02\/saobracajka-jagdoina-g.j..jpg 900w\" sizes=\"(max-width: 300px) 100vw, 300px\" \/><\/a><br \/>\n Automobil, kojim je upravljao Slavi\u0161a,  sleteo je u krivini sa puta, levom stranom zaka\u010dio u most, prevrnuo se na krov  i pao na drugu obalu korita Jo\u0161ani\u010dke reke. Troje deca je spa\u0161eno  i  preve\u017eeno u Op\u0161tu bolnicu u Jagodinu, gde su kod dvoje konstatovane lak\u0161e povrde, a te\u017ee povre\u0111eno dete je transportovano za Beograd. Lekari ka\u017eu da je re\u010d o prelomu kuka, dok  drugo  dete ima prelom klju\u010dne kosti, a tre\u0107e ogrebotine po telu. Ta porodica je  tokom popodneva bila kod Marijinih roditelja u obli\u017enjem \u0160uljkovcu I vra\u0107ala se ka Jagodini I Rakitovu. Slavi\u0161i je ovaj putni pravac bio dobro poznat, a istragom \u0107e biti utr\u0111eni uzroci nesre\u0107e. <\/p>\n","protected":false},"excerpt":{"rendered":"<p>JAGODINA-Tragi\u010dan prizor, automobil je sleteo u reku, udario krovom u drugu obalu i prevrnuo se na bok, deca vri\u0161te,njihovi roditelji na prednjim sedi\u0161tima nepomi\u010dni. Odmah &hellip; <\/p>\n","protected":false},"author":4,"featured_media":2162,"comment_status":"open","ping_status":"open","sticky":false,"template":"","format":"standard","meta":{"footnotes":""},"categories":[20,2,12],"tags":[555,212,557],"_links":{"self":[{"href":"https:\/\/centralmedia.rs\/index.php\/wp-json\/wp\/v2\/posts\/2161"}],"collection":[{"href":"https:\/\/centralmedia.rs\/index.php\/wp-json\/wp\/v2\/posts"}],"about":[{"href":"https:\/\/centralmedia.rs\/index.php\/wp-json\/wp\/v2\/types\/post"}],"author":[{"embeddable":true,"href":"https:\/\/centralmedia.rs\/index.php\/wp-json\/wp\/v2\/users\/4"}],"replies":[{"embeddable":true,"href":"https:\/\/centralmedia.rs\/index.php\/wp-json\/wp\/v2\/comments?post=2161"}],"version-history":[{"count":0,"href":"https:\/\/centralmedia.rs\/index.php\/wp-json\/wp\/v2\/posts\/2161\/revisions"}],"wp:featuredmedia":[{"embeddable":true,"href":"https:\/\/centralmedia.rs\/index.php\/wp-json\/wp\/v2\/media\/2162"}],"wp:attachment":[{"href":"https:\/\/centralmedia.rs\/index.php\/wp-json\/wp\/v2\/media?parent=2161"}],"wp:term":[{"taxonomy":"category","embeddable":true,"href":"https:\/\/centralmedia.rs\/index.php\/wp-json\/wp\/v2\/categories?post=2161"},{"taxonomy":"post_tag","embeddable":true,"href":"https:\/\/centralmedia.rs\/index.php\/wp-json\/wp\/v2\/tags?post=2161"}],"curies":[{"name":"wp","href":"https:\/\/api.w.org\/{rel}","templated":true}]}}