{"id":21616,"date":"2019-12-10T08:02:08","date_gmt":"2019-12-10T08:02:08","guid":{"rendered":"http:\/\/centralmedia.rs\/?p=21616"},"modified":"2019-12-12T17:30:41","modified_gmt":"2019-12-12T17:30:41","slug":"novogodisnji-salon-u-paracinu","status":"publish","type":"post","link":"https:\/\/centralmedia.rs\/index.php\/2019\/12\/10\/novogodisnji-salon-u-paracinu\/","title":{"rendered":"Novogodi\u0161nji salon u Para\u0107inu"},"content":{"rendered":"<p>PARA\u0106IN- Upu\u0107en je poziv umetnicima za u\u010de\u0161\u0107e na para\u0107inskom Novogodi\u0161njem salonu, svojevrsnoj prodajnoj izlo\u017ebi slika, umetni\u010dkih i originalnih upotrebnih predmeta, koja se svake godine odr\u017eava u Kulturnom centru. Pozvani su svi lokalni umetnici i stvaraoci da donesu svoja dela, koja \u0107e biti izlo\u017eena u galeriji Kulturnog centra, od 24. decembra do 1. februara i da za njih odrede cenu. Kulturni centar organizuje Novogodi\u0161nji prodajni salon bez ikakve nadoknade ili procenta, kao priliku da umetnici ponude svoje radove gra\u0111anima, koji na ovaj na\u010din mogu po povoljnoj ceni da nabave originalno delo ili predmet. Autori treba da donesu svoje radove do 15. decembra, da bi bili predstavljeni u katalogu koji \u0107e pratiti izlo\u017ebu.<\/p>\n","protected":false},"excerpt":{"rendered":"<p>PARA\u0106IN- Upu\u0107en je poziv umetnicima za u\u010de\u0161\u0107e na para\u0107inskom Novogodi\u0161njem salonu, svojevrsnoj prodajnoj izlo\u017ebi slika, umetni\u010dkih i originalnih upotrebnih predmeta, koja se svake godine odr\u017eava &hellip; <\/p>\n","protected":false},"author":2,"featured_media":9722,"comment_status":"open","ping_status":"open","sticky":false,"template":"","format":"standard","meta":{"footnotes":""},"categories":[1524,2,15,1516,887,12],"tags":[4264,156],"_links":{"self":[{"href":"https:\/\/centralmedia.rs\/index.php\/wp-json\/wp\/v2\/posts\/21616"}],"collection":[{"href":"https:\/\/centralmedia.rs\/index.php\/wp-json\/wp\/v2\/posts"}],"about":[{"href":"https:\/\/centralmedia.rs\/index.php\/wp-json\/wp\/v2\/types\/post"}],"author":[{"embeddable":true,"href":"https:\/\/centralmedia.rs\/index.php\/wp-json\/wp\/v2\/users\/2"}],"replies":[{"embeddable":true,"href":"https:\/\/centralmedia.rs\/index.php\/wp-json\/wp\/v2\/comments?post=21616"}],"version-history":[{"count":1,"href":"https:\/\/centralmedia.rs\/index.php\/wp-json\/wp\/v2\/posts\/21616\/revisions"}],"predecessor-version":[{"id":21617,"href":"https:\/\/centralmedia.rs\/index.php\/wp-json\/wp\/v2\/posts\/21616\/revisions\/21617"}],"wp:featuredmedia":[{"embeddable":true,"href":"https:\/\/centralmedia.rs\/index.php\/wp-json\/wp\/v2\/media\/9722"}],"wp:attachment":[{"href":"https:\/\/centralmedia.rs\/index.php\/wp-json\/wp\/v2\/media?parent=21616"}],"wp:term":[{"taxonomy":"category","embeddable":true,"href":"https:\/\/centralmedia.rs\/index.php\/wp-json\/wp\/v2\/categories?post=21616"},{"taxonomy":"post_tag","embeddable":true,"href":"https:\/\/centralmedia.rs\/index.php\/wp-json\/wp\/v2\/tags?post=21616"}],"curies":[{"name":"wp","href":"https:\/\/api.w.org\/{rel}","templated":true}]}}