{"id":21632,"date":"2019-12-11T16:43:44","date_gmt":"2019-12-11T16:43:44","guid":{"rendered":"http:\/\/centralmedia.rs\/?p=21632"},"modified":"2019-12-12T17:31:18","modified_gmt":"2019-12-12T17:31:18","slug":"naucni-skup","status":"publish","type":"post","link":"https:\/\/centralmedia.rs\/index.php\/2019\/12\/11\/naucni-skup\/","title":{"rendered":"NAU\u010cNI SKUP"},"content":{"rendered":"<p>\u0106UPRIJA- \u00a0U subotu u 12 \u010dasova, u amfiteatru Akademije vaspita\u010dko- medicinskih strukovnih studija u \u0106upriji\u00a0u organizaciji Udru\u017eenja obolelih od sindroma hroni\u010dnog umora i krize svesti iz \u0106uprije, bi\u0107e odr\u017ean nau\u010dni skup posve\u0107en ovom oboljenju, koje u svetu i kod nas poprima epidemijske razmere i ima ozbiljne posledice, ukoliko se na vreme ne prepozna. Na temu Sindroma hroni\u010dnog umora i krize svesti govori\u0107e prof. dr Branislav Milovanovi\u0107, internista- kardiolog, osniva\u010d Udru\u017eenja neurokardiologa Srbije\u00a0i dr sc. med.\u00a0Milomir Milanovi\u0107, infektolog Klinike za infektivne i tropske bolesti VMA. S obzirom na to da je jedna od posledica ovog oboljenja invaliditet, uvodnu re\u010d ima\u0107e Gordana Pu\u0161ara, predsednica\u00a0 Udru\u017eenja osoba sa invaliditetom.<\/p>\n<p><img loading=\"lazy\" decoding=\"async\" class=\"alignnone wp-image-21633 size-full\" src=\"http:\/\/centralmedia.rs\/wp-content\/uploads\/2019\/12\/naucni-skup.jpg\" alt=\"\" width=\"690\" height=\"960\" srcset=\"https:\/\/centralmedia.rs\/wp-content\/uploads\/2019\/12\/naucni-skup.jpg 690w, https:\/\/centralmedia.rs\/wp-content\/uploads\/2019\/12\/naucni-skup-216x300.jpg 216w, https:\/\/centralmedia.rs\/wp-content\/uploads\/2019\/12\/naucni-skup-302x420.jpg 302w, https:\/\/centralmedia.rs\/wp-content\/uploads\/2019\/12\/naucni-skup-640x890.jpg 640w, https:\/\/centralmedia.rs\/wp-content\/uploads\/2019\/12\/naucni-skup-681x947.jpg 681w\" sizes=\"(max-width: 690px) 100vw, 690px\" \/><\/p>\n","protected":false},"excerpt":{"rendered":"<p>\u0106UPRIJA- \u00a0U subotu u 12 \u010dasova, u amfiteatru Akademije vaspita\u010dko- medicinskih strukovnih studija u \u0106upriji\u00a0u organizaciji Udru\u017eenja obolelih od sindroma hroni\u010dnog umora i krize svesti &hellip; <\/p>\n","protected":false},"author":2,"featured_media":21633,"comment_status":"open","ping_status":"open","sticky":false,"template":"","format":"standard","meta":{"footnotes":""},"categories":[1515,1524,2,887,16,12],"tags":[44,1440],"_links":{"self":[{"href":"https:\/\/centralmedia.rs\/index.php\/wp-json\/wp\/v2\/posts\/21632"}],"collection":[{"href":"https:\/\/centralmedia.rs\/index.php\/wp-json\/wp\/v2\/posts"}],"about":[{"href":"https:\/\/centralmedia.rs\/index.php\/wp-json\/wp\/v2\/types\/post"}],"author":[{"embeddable":true,"href":"https:\/\/centralmedia.rs\/index.php\/wp-json\/wp\/v2\/users\/2"}],"replies":[{"embeddable":true,"href":"https:\/\/centralmedia.rs\/index.php\/wp-json\/wp\/v2\/comments?post=21632"}],"version-history":[{"count":1,"href":"https:\/\/centralmedia.rs\/index.php\/wp-json\/wp\/v2\/posts\/21632\/revisions"}],"predecessor-version":[{"id":21634,"href":"https:\/\/centralmedia.rs\/index.php\/wp-json\/wp\/v2\/posts\/21632\/revisions\/21634"}],"wp:featuredmedia":[{"embeddable":true,"href":"https:\/\/centralmedia.rs\/index.php\/wp-json\/wp\/v2\/media\/21633"}],"wp:attachment":[{"href":"https:\/\/centralmedia.rs\/index.php\/wp-json\/wp\/v2\/media?parent=21632"}],"wp:term":[{"taxonomy":"category","embeddable":true,"href":"https:\/\/centralmedia.rs\/index.php\/wp-json\/wp\/v2\/categories?post=21632"},{"taxonomy":"post_tag","embeddable":true,"href":"https:\/\/centralmedia.rs\/index.php\/wp-json\/wp\/v2\/tags?post=21632"}],"curies":[{"name":"wp","href":"https:\/\/api.w.org\/{rel}","templated":true}]}}