{"id":21635,"date":"2019-12-11T16:46:01","date_gmt":"2019-12-11T16:46:01","guid":{"rendered":"http:\/\/centralmedia.rs\/?p=21635"},"modified":"2019-12-16T19:58:06","modified_gmt":"2019-12-16T19:58:06","slug":"dupla-kruna-za-just-out-festival","status":"publish","type":"post","link":"https:\/\/centralmedia.rs\/index.php\/2019\/12\/11\/dupla-kruna-za-just-out-festival\/","title":{"rendered":"DUPLA KRUNA ZA JUST OUT FESTIVAL!"},"content":{"rendered":"<p>BEOGRAD- Posle nagrade Privredne komore Srbije ,,Najbolje iz Srbije&#8221; za najbolju turisti\u010dku manifestaciju koja promovi\u0161e Srbiju, danas je Me\u0111unarodni vite\u0161ki festival despot Stefan Lazarevi\u0107 &#8211; Just out \u00a0nagra\u0111en ,,Turisti\u010dkim cvetom&#8221;, koji dodeljuje Turisti\u010dka organizacija Srbije u saradnji sa Ministarstvom trgovine, turizma i telekomunikacija u kategoriji Turisti\u010dka manifestacija. Pored \u017eirija, glasali su i gra\u0111ani putem interneta. Re\u010d je o najbr\u017ee rastu\u0107oj manifestaciji u Evropi, koju u tri dana poseti preko 100 hiljada turista. Krajem avgusta manifestacija se prire\u0111uje u okolini manastira Manasija u okviru Dana srpskoga duhovnog preobra\u017eenja.<\/p>\n<p><img loading=\"lazy\" decoding=\"async\" class=\"alignnone wp-image-21637 size-full\" src=\"http:\/\/centralmedia.rs\/wp-content\/uploads\/2019\/12\/just-out.jpg\" alt=\"\" width=\"960\" height=\"720\" srcset=\"https:\/\/centralmedia.rs\/wp-content\/uploads\/2019\/12\/just-out.jpg 960w, https:\/\/centralmedia.rs\/wp-content\/uploads\/2019\/12\/just-out-300x225.jpg 300w, https:\/\/centralmedia.rs\/wp-content\/uploads\/2019\/12\/just-out-768x576.jpg 768w, https:\/\/centralmedia.rs\/wp-content\/uploads\/2019\/12\/just-out-560x420.jpg 560w, https:\/\/centralmedia.rs\/wp-content\/uploads\/2019\/12\/just-out-80x60.jpg 80w, https:\/\/centralmedia.rs\/wp-content\/uploads\/2019\/12\/just-out-100x75.jpg 100w, https:\/\/centralmedia.rs\/wp-content\/uploads\/2019\/12\/just-out-180x135.jpg 180w, https:\/\/centralmedia.rs\/wp-content\/uploads\/2019\/12\/just-out-238x178.jpg 238w, https:\/\/centralmedia.rs\/wp-content\/uploads\/2019\/12\/just-out-640x480.jpg 640w, https:\/\/centralmedia.rs\/wp-content\/uploads\/2019\/12\/just-out-681x511.jpg 681w\" sizes=\"(max-width: 960px) 100vw, 960px\" \/><\/p>\n","protected":false},"excerpt":{"rendered":"<p>BEOGRAD- Posle nagrade Privredne komore Srbije ,,Najbolje iz Srbije&#8221; za najbolju turisti\u010dku manifestaciju koja promovi\u0161e Srbiju, danas je Me\u0111unarodni vite\u0161ki festival despot Stefan Lazarevi\u0107 &#8211; &hellip; <\/p>\n","protected":false},"author":2,"featured_media":21636,"comment_status":"open","ping_status":"open","sticky":false,"template":"","format":"standard","meta":{"footnotes":""},"categories":[1518,1524,2,23,887,3054],"tags":[51,922,54,1168],"_links":{"self":[{"href":"https:\/\/centralmedia.rs\/index.php\/wp-json\/wp\/v2\/posts\/21635"}],"collection":[{"href":"https:\/\/centralmedia.rs\/index.php\/wp-json\/wp\/v2\/posts"}],"about":[{"href":"https:\/\/centralmedia.rs\/index.php\/wp-json\/wp\/v2\/types\/post"}],"author":[{"embeddable":true,"href":"https:\/\/centralmedia.rs\/index.php\/wp-json\/wp\/v2\/users\/2"}],"replies":[{"embeddable":true,"href":"https:\/\/centralmedia.rs\/index.php\/wp-json\/wp\/v2\/comments?post=21635"}],"version-history":[{"count":1,"href":"https:\/\/centralmedia.rs\/index.php\/wp-json\/wp\/v2\/posts\/21635\/revisions"}],"predecessor-version":[{"id":21638,"href":"https:\/\/centralmedia.rs\/index.php\/wp-json\/wp\/v2\/posts\/21635\/revisions\/21638"}],"wp:featuredmedia":[{"embeddable":true,"href":"https:\/\/centralmedia.rs\/index.php\/wp-json\/wp\/v2\/media\/21636"}],"wp:attachment":[{"href":"https:\/\/centralmedia.rs\/index.php\/wp-json\/wp\/v2\/media?parent=21635"}],"wp:term":[{"taxonomy":"category","embeddable":true,"href":"https:\/\/centralmedia.rs\/index.php\/wp-json\/wp\/v2\/categories?post=21635"},{"taxonomy":"post_tag","embeddable":true,"href":"https:\/\/centralmedia.rs\/index.php\/wp-json\/wp\/v2\/tags?post=21635"}],"curies":[{"name":"wp","href":"https:\/\/api.w.org\/{rel}","templated":true}]}}