{"id":21639,"date":"2019-12-11T17:07:10","date_gmt":"2019-12-11T17:07:10","guid":{"rendered":"http:\/\/centralmedia.rs\/?p=21639"},"modified":"2019-12-16T19:57:58","modified_gmt":"2019-12-16T19:57:58","slug":"muzicko-zabaviste-i-novogodisnji-koncert","status":"publish","type":"post","link":"https:\/\/centralmedia.rs\/index.php\/2019\/12\/11\/muzicko-zabaviste-i-novogodisnji-koncert\/","title":{"rendered":"MUZI\u010cKO ZABAVI\u0160TE I NOVOGODI\u0160NJI KONCERT"},"content":{"rendered":"<p>\u0106UPRIJA- Novogodi\u0161nji koncert \u0160kole za osnovno muzi\u010dko obrazovanje \u201eDu\u0161an Skovran&#8221; u \u0106upriji bi\u0107e odr\u017ean 26. decembra u 18.30 sati. Ta \u0161kola u saradnji sa Pred\u0161kolskom ustanovom \u201eDe\u010dja radost\u201c zapo\u010dela je u \u0106upriji radionicu pod nazivom \u201eMuzi\u010dko zabavi\u0161te\u201c. Muzi\u010dka misija obavljena je u vrti\u0107ima \u201eNeven\u201c, ,,\u0160e\u0107erko&#8221;, ,,Bambi&#8221; i ,,Leptiri\u0107&#8221; mali\u0161ana starijih vaspitnih i pripremnih pred\u0161kolskih grupa predstavljeni su instrumenti, a zatim su u\u010denici svirfali na klaviru, harmonikici, trubi i flauti odre\u0111ene melodije, prilago\u0111ene de\u010dijem uzrastu, a nau\u010dili smo i kako da se pona\u0161amo na koncertu klasi\u010dne muzike. Misija je nastavljena u seoskim vrti\u0107ima u Supskoj, Kru\u0161aru, Mijatovcu i Jovcu, a predstoje predavanja u Batincu i Senju.<\/p>\n<div id='gallery-1' class='gallery galleryid-21639 gallery-columns-5 gallery-size-thumbnail'><figure class='gallery-item'>\n\t\t\t<div class='gallery-icon landscape'>\n\t\t\t\t<a href='https:\/\/centralmedia.rs\/index.php\/2019\/12\/11\/muzicko-zabaviste-i-novogodisnji-koncert\/muzicka-sedmica1\/'><img loading=\"lazy\" decoding=\"async\" width=\"150\" height=\"150\" src=\"https:\/\/centralmedia.rs\/wp-content\/uploads\/2019\/12\/muzicka-sedmica1-150x150.jpg\" class=\"attachment-thumbnail size-thumbnail\" alt=\"\" \/><\/a>\n\t\t\t<\/div><\/figure><figure class='gallery-item'>\n\t\t\t<div class='gallery-icon landscape'>\n\t\t\t\t<a href='https:\/\/centralmedia.rs\/index.php\/2019\/12\/11\/muzicko-zabaviste-i-novogodisnji-koncert\/muzicka-sedmica2\/'><img loading=\"lazy\" decoding=\"async\" width=\"150\" height=\"150\" src=\"https:\/\/centralmedia.rs\/wp-content\/uploads\/2019\/12\/muzicka-sedmica2-150x150.jpg\" class=\"attachment-thumbnail size-thumbnail\" alt=\"\" \/><\/a>\n\t\t\t<\/div><\/figure><figure class='gallery-item'>\n\t\t\t<div class='gallery-icon landscape'>\n\t\t\t\t<a href='https:\/\/centralmedia.rs\/index.php\/2019\/12\/11\/muzicko-zabaviste-i-novogodisnji-koncert\/muzicka-sedmica3\/'><img loading=\"lazy\" decoding=\"async\" width=\"150\" height=\"150\" src=\"https:\/\/centralmedia.rs\/wp-content\/uploads\/2019\/12\/muzicka-sedmica3-150x150.jpg\" class=\"attachment-thumbnail size-thumbnail\" alt=\"\" \/><\/a>\n\t\t\t<\/div><\/figure><figure class='gallery-item'>\n\t\t\t<div class='gallery-icon landscape'>\n\t\t\t\t<a href='https:\/\/centralmedia.rs\/index.php\/2019\/12\/11\/muzicko-zabaviste-i-novogodisnji-koncert\/muzicka-sedmica4\/'><img loading=\"lazy\" decoding=\"async\" width=\"150\" height=\"150\" src=\"https:\/\/centralmedia.rs\/wp-content\/uploads\/2019\/12\/muzicka-sedmica4-150x150.jpg\" class=\"attachment-thumbnail size-thumbnail\" alt=\"\" \/><\/a>\n\t\t\t<\/div><\/figure><figure class='gallery-item'>\n\t\t\t<div class='gallery-icon portrait'>\n\t\t\t\t<a href='https:\/\/centralmedia.rs\/index.php\/2019\/12\/11\/muzicko-zabaviste-i-novogodisnji-koncert\/novogodisnji-koncert\/'><img loading=\"lazy\" decoding=\"async\" width=\"150\" height=\"150\" src=\"https:\/\/centralmedia.rs\/wp-content\/uploads\/2019\/12\/novogodisnji-koncert-150x150.jpg\" class=\"attachment-thumbnail size-thumbnail\" alt=\"\" \/><\/a>\n\t\t\t<\/div><\/figure>\n\t\t<\/div>\n\n","protected":false},"excerpt":{"rendered":"<p>\u0106UPRIJA- Novogodi\u0161nji koncert \u0160kole za osnovno muzi\u010dko obrazovanje \u201eDu\u0161an Skovran&#8221; u \u0106upriji bi\u0107e odr\u017ean 26. decembra u 18.30 sati. Ta \u0161kola u saradnji sa Pred\u0161kolskom &hellip; <\/p>\n","protected":false},"author":2,"featured_media":21640,"comment_status":"open","ping_status":"open","sticky":false,"template":"","format":"standard","meta":{"footnotes":""},"categories":[1515,1524,2,15,887,12],"tags":[4270,2555,4269],"_links":{"self":[{"href":"https:\/\/centralmedia.rs\/index.php\/wp-json\/wp\/v2\/posts\/21639"}],"collection":[{"href":"https:\/\/centralmedia.rs\/index.php\/wp-json\/wp\/v2\/posts"}],"about":[{"href":"https:\/\/centralmedia.rs\/index.php\/wp-json\/wp\/v2\/types\/post"}],"author":[{"embeddable":true,"href":"https:\/\/centralmedia.rs\/index.php\/wp-json\/wp\/v2\/users\/2"}],"replies":[{"embeddable":true,"href":"https:\/\/centralmedia.rs\/index.php\/wp-json\/wp\/v2\/comments?post=21639"}],"version-history":[{"count":1,"href":"https:\/\/centralmedia.rs\/index.php\/wp-json\/wp\/v2\/posts\/21639\/revisions"}],"predecessor-version":[{"id":21645,"href":"https:\/\/centralmedia.rs\/index.php\/wp-json\/wp\/v2\/posts\/21639\/revisions\/21645"}],"wp:featuredmedia":[{"embeddable":true,"href":"https:\/\/centralmedia.rs\/index.php\/wp-json\/wp\/v2\/media\/21640"}],"wp:attachment":[{"href":"https:\/\/centralmedia.rs\/index.php\/wp-json\/wp\/v2\/media?parent=21639"}],"wp:term":[{"taxonomy":"category","embeddable":true,"href":"https:\/\/centralmedia.rs\/index.php\/wp-json\/wp\/v2\/categories?post=21639"},{"taxonomy":"post_tag","embeddable":true,"href":"https:\/\/centralmedia.rs\/index.php\/wp-json\/wp\/v2\/tags?post=21639"}],"curies":[{"name":"wp","href":"https:\/\/api.w.org\/{rel}","templated":true}]}}