{"id":21663,"date":"2019-12-12T16:18:09","date_gmt":"2019-12-12T16:18:09","guid":{"rendered":"http:\/\/centralmedia.rs\/?p=21663"},"modified":"2019-12-16T19:57:21","modified_gmt":"2019-12-16T19:57:21","slug":"gimnazijalke-cistile-smece-u-jagodini-foto","status":"publish","type":"post","link":"https:\/\/centralmedia.rs\/index.php\/2019\/12\/12\/gimnazijalke-cistile-smece-u-jagodini-foto\/","title":{"rendered":"GIMNAZIJALKE \u010cISTILE SME\u0106E U JAGODINI (FOTO)"},"content":{"rendered":"<p>JAGODINA- Gimnazijalke iz Kragujevca Neda Stefanovi\u0107 i \u00a0Sofija Ili\u0107 iz Jagodine re\u0161ile su da se pozabave problemom sme\u0107a u Jagodini. U okviru projekta Think Green Cleanup, koji je odr\u017ean u jo\u0161 nekoliko gradova u \u0160umadiji, one su u novembru o\u010distile vi\u0161e lokacije u Jagodini. Lokacija najzaga\u0111enija sme\u0107em nalazila se u ulici Narodnog fronta, u okolini novih stambenih zgrada i poslovnih objekata.<\/p>\n<div id='gallery-1' class='gallery galleryid-21663 gallery-columns-5 gallery-size-thumbnail'><figure class='gallery-item'>\n\t\t\t<div class='gallery-icon portrait'>\n\t\t\t\t<a href='https:\/\/centralmedia.rs\/index.php\/2019\/12\/12\/gimnazijalke-cistile-smece-u-jagodini-foto\/gimnazijalke6\/'><img loading=\"lazy\" decoding=\"async\" width=\"150\" height=\"150\" src=\"https:\/\/centralmedia.rs\/wp-content\/uploads\/2019\/12\/gimnazijalke6-150x150.jpg\" class=\"attachment-thumbnail size-thumbnail\" alt=\"\" \/><\/a>\n\t\t\t<\/div><\/figure><figure class='gallery-item'>\n\t\t\t<div class='gallery-icon landscape'>\n\t\t\t\t<a href='https:\/\/centralmedia.rs\/index.php\/2019\/12\/12\/gimnazijalke-cistile-smece-u-jagodini-foto\/gimnazijalke7\/'><img loading=\"lazy\" decoding=\"async\" width=\"150\" height=\"150\" src=\"https:\/\/centralmedia.rs\/wp-content\/uploads\/2019\/12\/gimnazijalke7-150x150.jpg\" class=\"attachment-thumbnail size-thumbnail\" alt=\"\" \/><\/a>\n\t\t\t<\/div><\/figure><figure class='gallery-item'>\n\t\t\t<div class='gallery-icon landscape'>\n\t\t\t\t<a href='https:\/\/centralmedia.rs\/index.php\/2019\/12\/12\/gimnazijalke-cistile-smece-u-jagodini-foto\/gimnazijalke8\/'><img loading=\"lazy\" decoding=\"async\" width=\"150\" height=\"150\" src=\"https:\/\/centralmedia.rs\/wp-content\/uploads\/2019\/12\/gimnazijalke8-150x150.jpg\" class=\"attachment-thumbnail size-thumbnail\" alt=\"\" \/><\/a>\n\t\t\t<\/div><\/figure><figure class='gallery-item'>\n\t\t\t<div class='gallery-icon landscape'>\n\t\t\t\t<a href='https:\/\/centralmedia.rs\/index.php\/2019\/12\/12\/gimnazijalke-cistile-smece-u-jagodini-foto\/gimnazijalke9\/'><img loading=\"lazy\" decoding=\"async\" width=\"150\" height=\"150\" src=\"https:\/\/centralmedia.rs\/wp-content\/uploads\/2019\/12\/gimnazijalke9-150x150.jpg\" class=\"attachment-thumbnail size-thumbnail\" alt=\"\" \/><\/a>\n\t\t\t<\/div><\/figure><figure class='gallery-item'>\n\t\t\t<div class='gallery-icon landscape'>\n\t\t\t\t<a href='https:\/\/centralmedia.rs\/index.php\/2019\/12\/12\/gimnazijalke-cistile-smece-u-jagodini-foto\/zivko\/'><img loading=\"lazy\" decoding=\"async\" width=\"150\" height=\"150\" src=\"https:\/\/centralmedia.rs\/wp-content\/uploads\/2019\/12\/zivko-150x150.jpg\" class=\"attachment-thumbnail size-thumbnail\" alt=\"\" \/><\/a>\n\t\t\t<\/div><\/figure>\n\t\t<\/div>\n\n<p>Napravile su drasti\u010dnu promenu uz pomo\u0107 volonterke Vasilise Jovanovi\u0107 i slu\u010dajnog prolaznika \u017divka, koji se, inspirisan ovom inicijativom, ponudio da pomogne u \u010di\u0161\u0107enju. Ova akcija izazvala je pozitivne reakcije i komentare prolaznika, koji se se ipak nisu pridru\u017eili \u010di\u0161\u0107enju. Podr\u0161ku za ovaj projekat one su dobile od Ameri\u010dkog saveta kao alumnistkinje FLEX programa &#8211; programa razmene koji srednjo\u0161kolcima daje priliku da besplatno provedu jednu \u0161kolsku godinu u Americi.<\/p>\n<div id='gallery-2' class='gallery galleryid-21663 gallery-columns-5 gallery-size-thumbnail'><figure class='gallery-item'>\n\t\t\t<div class='gallery-icon landscape'>\n\t\t\t\t<a href='https:\/\/centralmedia.rs\/index.php\/2019\/12\/12\/gimnazijalke-cistile-smece-u-jagodini-foto\/gimnazijalke\/'><img loading=\"lazy\" decoding=\"async\" width=\"150\" height=\"150\" src=\"https:\/\/centralmedia.rs\/wp-content\/uploads\/2019\/12\/gimnazijalke-150x150.jpg\" class=\"attachment-thumbnail size-thumbnail\" alt=\"\" \/><\/a>\n\t\t\t<\/div><\/figure><figure class='gallery-item'>\n\t\t\t<div class='gallery-icon landscape'>\n\t\t\t\t<a href='https:\/\/centralmedia.rs\/index.php\/2019\/12\/12\/gimnazijalke-cistile-smece-u-jagodini-foto\/gimnazijalke1\/'><img loading=\"lazy\" decoding=\"async\" width=\"150\" height=\"150\" src=\"https:\/\/centralmedia.rs\/wp-content\/uploads\/2019\/12\/gimnazijalke1-150x150.jpg\" class=\"attachment-thumbnail size-thumbnail\" alt=\"\" \/><\/a>\n\t\t\t<\/div><\/figure><figure class='gallery-item'>\n\t\t\t<div class='gallery-icon portrait'>\n\t\t\t\t<a href='https:\/\/centralmedia.rs\/index.php\/2019\/12\/12\/gimnazijalke-cistile-smece-u-jagodini-foto\/gimnazijalke2\/'><img loading=\"lazy\" decoding=\"async\" width=\"150\" height=\"150\" src=\"https:\/\/centralmedia.rs\/wp-content\/uploads\/2019\/12\/gimnazijalke2-150x150.jpg\" class=\"attachment-thumbnail size-thumbnail\" alt=\"\" \/><\/a>\n\t\t\t<\/div><\/figure><figure class='gallery-item'>\n\t\t\t<div class='gallery-icon landscape'>\n\t\t\t\t<a href='https:\/\/centralmedia.rs\/index.php\/2019\/12\/12\/gimnazijalke-cistile-smece-u-jagodini-foto\/gimnazijalke3\/'><img loading=\"lazy\" decoding=\"async\" width=\"150\" height=\"150\" src=\"https:\/\/centralmedia.rs\/wp-content\/uploads\/2019\/12\/gimnazijalke3-150x150.jpg\" class=\"attachment-thumbnail size-thumbnail\" alt=\"\" \/><\/a>\n\t\t\t<\/div><\/figure><figure class='gallery-item'>\n\t\t\t<div class='gallery-icon portrait'>\n\t\t\t\t<a href='https:\/\/centralmedia.rs\/index.php\/2019\/12\/12\/gimnazijalke-cistile-smece-u-jagodini-foto\/gimnazijalke4\/'><img loading=\"lazy\" decoding=\"async\" width=\"150\" height=\"150\" src=\"https:\/\/centralmedia.rs\/wp-content\/uploads\/2019\/12\/gimnazijalke4-150x150.jpg\" class=\"attachment-thumbnail size-thumbnail\" alt=\"\" \/><\/a>\n\t\t\t<\/div><\/figure>\n\t\t<\/div>\n\n","protected":false},"excerpt":{"rendered":"<p>JAGODINA- Gimnazijalke iz Kragujevca Neda Stefanovi\u0107 i \u00a0Sofija Ili\u0107 iz Jagodine re\u0161ile su da se pozabave problemom sme\u0107a u Jagodini. U okviru projekta Think Green &hellip; <\/p>\n","protected":false},"author":2,"featured_media":21664,"comment_status":"open","ping_status":"open","sticky":false,"template":"","format":"standard","meta":{"footnotes":""},"categories":[1524,2,1514,23,30],"tags":[430,58,4271],"_links":{"self":[{"href":"https:\/\/centralmedia.rs\/index.php\/wp-json\/wp\/v2\/posts\/21663"}],"collection":[{"href":"https:\/\/centralmedia.rs\/index.php\/wp-json\/wp\/v2\/posts"}],"about":[{"href":"https:\/\/centralmedia.rs\/index.php\/wp-json\/wp\/v2\/types\/post"}],"author":[{"embeddable":true,"href":"https:\/\/centralmedia.rs\/index.php\/wp-json\/wp\/v2\/users\/2"}],"replies":[{"embeddable":true,"href":"https:\/\/centralmedia.rs\/index.php\/wp-json\/wp\/v2\/comments?post=21663"}],"version-history":[{"count":1,"href":"https:\/\/centralmedia.rs\/index.php\/wp-json\/wp\/v2\/posts\/21663\/revisions"}],"predecessor-version":[{"id":21675,"href":"https:\/\/centralmedia.rs\/index.php\/wp-json\/wp\/v2\/posts\/21663\/revisions\/21675"}],"wp:featuredmedia":[{"embeddable":true,"href":"https:\/\/centralmedia.rs\/index.php\/wp-json\/wp\/v2\/media\/21664"}],"wp:attachment":[{"href":"https:\/\/centralmedia.rs\/index.php\/wp-json\/wp\/v2\/media?parent=21663"}],"wp:term":[{"taxonomy":"category","embeddable":true,"href":"https:\/\/centralmedia.rs\/index.php\/wp-json\/wp\/v2\/categories?post=21663"},{"taxonomy":"post_tag","embeddable":true,"href":"https:\/\/centralmedia.rs\/index.php\/wp-json\/wp\/v2\/tags?post=21663"}],"curies":[{"name":"wp","href":"https:\/\/api.w.org\/{rel}","templated":true}]}}