{"id":2167,"date":"2016-02-22T13:43:13","date_gmt":"2016-02-22T13:43:13","guid":{"rendered":"http:\/\/centralmedia.rs\/?p=2167"},"modified":"2016-02-22T14:03:02","modified_gmt":"2016-02-22T14:03:02","slug":"raseljeni-sa-kosmeta-prvo-razgovaraju-sa-vulinom","status":"publish","type":"post","link":"https:\/\/centralmedia.rs\/index.php\/2016\/02\/22\/raseljeni-sa-kosmeta-prvo-razgovaraju-sa-vulinom\/","title":{"rendered":"RASELJENI SA KOSMETA PRVO RAZGOVARAJU SA VULINOM"},"content":{"rendered":"<p>\u0106UPRIJA-Koalicija raseljenih lica sa Kosova i Metohije zapo\u010de\u0107e razgovore sa predsednikom Pokreta Socijalista Aleksandrom Vulinom o u\u010de\u0161\u0107u na parlamentranim izborima, izjavio je danas u \u0106upriji predsednik te koalicije Milo\u0161 Stojkovi\u0107 posle dana\u0161nje odluke Predsedni\u0161tva te koalicija  o u\u010de\u0161\u0107u na izborima. On je dodao da je ta koalicija dobila podr\u0161ku gr\u010dkog udru\u017eenja PONDI i vode\u0107e partije Siriza.<br \/>\n\t-Imaju\u0107i u vidu dosada\u0161nju korektnu saradnju sa Vulinom, prvo \u0107emo sa njim razgovarati, a zatim \u0107emo doneti odluku da li \u0107emo i drugim  strankama nastaviti razgovore koje dele na\u0161a uverenja i ciljeve.  Posle raspisivanja izbora saop\u0161ti\u0107emo rezultate razgovora i na\u0161u kona\u010dnu odluku. Na\u0161i partneri mogu da budu one stranke koje nisu za ulazak Srbije u NATO i koje su pokazale ljubav, razumevanje i po\u0161tovanje prema raseljenima Srbima sa Kosmeta, rekao je Stojkovi\u0107.<br \/>\nOn je istakao da ta koalicija ,,sigurno ne\u0107e razgovarati o zajedni\u010dkom nastupu sa Borisom Tadi\u0107em,  \u010cedomirom Jovanovi\u0107em, Nenadom \u010cankom, Bojanom Pajti\u0107em&#8230;. \u201c<br \/>\n-Zato \u0161to smatramo da u periodu dok su bili na vlasti nisu nikako branili interese Srba sa Kosmetu. Stranke koje se zala\u017eu za ulazak u NATO  nisu deo na\u0161eg interesovanja, jer bi smo time pogazili \u017ertve stadale na Kosmetu i Srbiji u toku  NATO bombardovanja, naglasio je Stojkovi\u0107.<br \/>\nPredsedni\u0161tvo te koalicije je predsenika  Milo\u0161 Stojkovi\u0107 ovlastilo da pregovara o zajedni\u010dkom nastupu na izborima.<br \/>\n\t-Cilj razgovora je dogovor o u\u010de\u0161\u0107u raseljenih sa Kosmeta u dr\u017eavnim institucijama, gde bi se na\u0161 glas \u010duo ja\u010de i bolje, rekao je on.<br \/>\nIna\u010de, podr\u0161ku izlasku na izbore Koaliciji raseljenih lica sa Kosmeta pru\u017eili su gr\u010dko Udru\u017eenje PONDI, odnosno Grci raseljeni iz male Azije, te vladaju\u0107a stranka te dr\u017eave Siriza, kao i premijer Aleksis Cipras, zaklju\u010dio je Stojkovi\u0107. <\/p>\n","protected":false},"excerpt":{"rendered":"<p>\u0106UPRIJA-Koalicija raseljenih lica sa Kosova i Metohije zapo\u010de\u0107e razgovore sa predsednikom Pokreta Socijalista Aleksandrom Vulinom o u\u010de\u0161\u0107u na parlamentranim izborima, izjavio je danas u \u0106upriji &hellip; <\/p>\n","protected":false},"author":4,"featured_media":2170,"comment_status":"open","ping_status":"open","sticky":false,"template":"","format":"standard","meta":{"footnotes":""},"categories":[2,13,12],"tags":[44,181,559,558],"_links":{"self":[{"href":"https:\/\/centralmedia.rs\/index.php\/wp-json\/wp\/v2\/posts\/2167"}],"collection":[{"href":"https:\/\/centralmedia.rs\/index.php\/wp-json\/wp\/v2\/posts"}],"about":[{"href":"https:\/\/centralmedia.rs\/index.php\/wp-json\/wp\/v2\/types\/post"}],"author":[{"embeddable":true,"href":"https:\/\/centralmedia.rs\/index.php\/wp-json\/wp\/v2\/users\/4"}],"replies":[{"embeddable":true,"href":"https:\/\/centralmedia.rs\/index.php\/wp-json\/wp\/v2\/comments?post=2167"}],"version-history":[{"count":0,"href":"https:\/\/centralmedia.rs\/index.php\/wp-json\/wp\/v2\/posts\/2167\/revisions"}],"wp:featuredmedia":[{"embeddable":true,"href":"https:\/\/centralmedia.rs\/index.php\/wp-json\/wp\/v2\/media\/2170"}],"wp:attachment":[{"href":"https:\/\/centralmedia.rs\/index.php\/wp-json\/wp\/v2\/media?parent=2167"}],"wp:term":[{"taxonomy":"category","embeddable":true,"href":"https:\/\/centralmedia.rs\/index.php\/wp-json\/wp\/v2\/categories?post=2167"},{"taxonomy":"post_tag","embeddable":true,"href":"https:\/\/centralmedia.rs\/index.php\/wp-json\/wp\/v2\/tags?post=2167"}],"curies":[{"name":"wp","href":"https:\/\/api.w.org\/{rel}","templated":true}]}}