{"id":21690,"date":"2019-12-12T17:01:32","date_gmt":"2019-12-12T17:01:32","guid":{"rendered":"http:\/\/centralmedia.rs\/?p=21690"},"modified":"2019-12-16T19:56:53","modified_gmt":"2019-12-16T19:56:53","slug":"dar-na-dar","status":"publish","type":"post","link":"https:\/\/centralmedia.rs\/index.php\/2019\/12\/12\/dar-na-dar\/","title":{"rendered":"DAR NA DAR"},"content":{"rendered":"<p>SVILAJNAC- Velki broj Svilajn\u010dana u\u010destvovao je u prvoj u nizu humanitarnih akcija pod nazivom \u201cDan za dar\u201d u organizaciji Centra za brigu o porodici. Prikupljena je de\u010dija ode\u0107a i obu\u0107a, ali i igra\u010dke, \u0161kolski pribor i slatki\u0161i. Prikupljena pomo\u0107 bi\u0107e uru\u010dena korisnicima Centra. Upu\u0107en je apel gra\u0111anima da i dalje prate akciju koja \u0107e biti odr\u017eavana vi\u0161e puta u toku godine.<\/p>\n<div id='gallery-1' class='gallery galleryid-21690 gallery-columns-3 gallery-size-thumbnail'><figure class='gallery-item'>\n\t\t\t<div class='gallery-icon landscape'>\n\t\t\t\t<a href='https:\/\/centralmedia.rs\/index.php\/2019\/12\/12\/dar-na-dar\/dar1\/'><img loading=\"lazy\" decoding=\"async\" width=\"150\" height=\"150\" src=\"https:\/\/centralmedia.rs\/wp-content\/uploads\/2019\/12\/DAR1-150x150.jpg\" class=\"attachment-thumbnail size-thumbnail\" alt=\"\" \/><\/a>\n\t\t\t<\/div><\/figure><figure class='gallery-item'>\n\t\t\t<div class='gallery-icon landscape'>\n\t\t\t\t<a href='https:\/\/centralmedia.rs\/index.php\/2019\/12\/12\/dar-na-dar\/dar2\/'><img loading=\"lazy\" decoding=\"async\" width=\"150\" height=\"150\" src=\"https:\/\/centralmedia.rs\/wp-content\/uploads\/2019\/12\/DAR2-150x150.jpg\" class=\"attachment-thumbnail size-thumbnail\" alt=\"\" \/><\/a>\n\t\t\t<\/div><\/figure><figure class='gallery-item'>\n\t\t\t<div class='gallery-icon portrait'>\n\t\t\t\t<a href='https:\/\/centralmedia.rs\/index.php\/2019\/12\/12\/dar-na-dar\/dar3\/'><img loading=\"lazy\" decoding=\"async\" width=\"150\" height=\"150\" src=\"https:\/\/centralmedia.rs\/wp-content\/uploads\/2019\/12\/DAR3-150x150.jpg\" class=\"attachment-thumbnail size-thumbnail\" alt=\"\" \/><\/a>\n\t\t\t<\/div><\/figure>\n\t\t<\/div>\n\n","protected":false},"excerpt":{"rendered":"<p>SVILAJNAC- Velki broj Svilajn\u010dana u\u010destvovao je u prvoj u nizu humanitarnih akcija pod nazivom \u201cDan za dar\u201d u organizaciji Centra za brigu o porodici. Prikupljena &hellip; <\/p>\n","protected":false},"author":2,"featured_media":21691,"comment_status":"open","ping_status":"open","sticky":false,"template":"","format":"standard","meta":{"footnotes":""},"categories":[14,1524,2,887,12,1517],"tags":[3461,4276],"_links":{"self":[{"href":"https:\/\/centralmedia.rs\/index.php\/wp-json\/wp\/v2\/posts\/21690"}],"collection":[{"href":"https:\/\/centralmedia.rs\/index.php\/wp-json\/wp\/v2\/posts"}],"about":[{"href":"https:\/\/centralmedia.rs\/index.php\/wp-json\/wp\/v2\/types\/post"}],"author":[{"embeddable":true,"href":"https:\/\/centralmedia.rs\/index.php\/wp-json\/wp\/v2\/users\/2"}],"replies":[{"embeddable":true,"href":"https:\/\/centralmedia.rs\/index.php\/wp-json\/wp\/v2\/comments?post=21690"}],"version-history":[{"count":1,"href":"https:\/\/centralmedia.rs\/index.php\/wp-json\/wp\/v2\/posts\/21690\/revisions"}],"predecessor-version":[{"id":21695,"href":"https:\/\/centralmedia.rs\/index.php\/wp-json\/wp\/v2\/posts\/21690\/revisions\/21695"}],"wp:featuredmedia":[{"embeddable":true,"href":"https:\/\/centralmedia.rs\/index.php\/wp-json\/wp\/v2\/media\/21691"}],"wp:attachment":[{"href":"https:\/\/centralmedia.rs\/index.php\/wp-json\/wp\/v2\/media?parent=21690"}],"wp:term":[{"taxonomy":"category","embeddable":true,"href":"https:\/\/centralmedia.rs\/index.php\/wp-json\/wp\/v2\/categories?post=21690"},{"taxonomy":"post_tag","embeddable":true,"href":"https:\/\/centralmedia.rs\/index.php\/wp-json\/wp\/v2\/tags?post=21690"}],"curies":[{"name":"wp","href":"https:\/\/api.w.org\/{rel}","templated":true}]}}