{"id":21702,"date":"2019-12-16T12:41:39","date_gmt":"2019-12-16T12:41:39","guid":{"rendered":"http:\/\/centralmedia.rs\/?p=21702"},"modified":"2019-12-20T15:46:45","modified_gmt":"2019-12-20T15:46:45","slug":"svedski-rimaster-zakupio-3-000-kvadrata-u-paracinu","status":"publish","type":"post","link":"https:\/\/centralmedia.rs\/index.php\/2019\/12\/16\/svedski-rimaster-zakupio-3-000-kvadrata-u-paracinu\/","title":{"rendered":"\u0160VEDSKI &#8220;RIMASTER&#8221; ZAKUPIO 3.000 KVADRATA U PARA\u0106INU"},"content":{"rendered":"<p>PARA\u0106IN- Direktor \u0161vedske kompanje &#8220;Rimaster&#8221; Tomas Stalnert i predsednik op\u0161tine Para\u0107in Sa\u0161a Paunovi\u0107 potpisali su dana Ugovor o zakupu proizvodne hale 3.000 kvadrata u Industrijskom parku u Industrijskoj zoni &#8221;Zmi\u010d&#8221;. U toku su radovi na izgardnji hale i prema re\u010dima izvo\u0111a\u010da 27. decembra zapo\u010de\u0107e postavljanje betonskih stubova, a o\u010dekuje se da hala bude zavr\u0161ena i predata \u0160ve\u0111anima krajem marta. &#8220;Rimaster&#8221; najavljuje da \u0107e, proizvodnju zapo\u010detu po\u010detkom ove godine u Para\u0107inu, pro\u0161iriti i uposliti vi\u0161e stotina radnika, odnosno do 1.000 do kraja realizacije investicije. Kompeltna proizvodnja namenejna je izvozu, a &#8220;Rimaster&#8221; za sada nema problema sa odgovarju\u0107om radnom radnom snagom. Stalmert je posle potpisivanja ugovora izjavio ej da je odov dobar dan za tu komapniju i najavio \u0161irenje proizvodnje. \u00a0Op\u0161tina \u0107e sa 250 miliona dinara finansirati izgradnju proizvodne hale.<\/p>\n<p>&#8211; Za Para\u0107in \u0107e biti dobro da imamo veliku i stabilnu stranu kompaniju, koja ima\u00a0 dobar odnos prema radnicima, \u0161to je veoma va\u017eno. To \u0107e biti veoma va\u017eno za gra\u0111ane Para\u0107ina. Pored svih investicija koje imamo u oblasti malih i srednjih preduze\u0107a, 80 preduze\u0107a za \u0161eat godina izgradilo je 103 objekta sa 76.000 kvadrata, obim Srpske fabrike stakla, zaposleno je mnogo ljudi. Sada imamo velikog poslodavca koji planira upo\u0161ljavanje velikog broja radnika u narednim godinama, \u0161to \u0107e doneti dodatnu stabilnost loklanoj ekonomiji, rekao je Paunovi\u0107 i dodao da \u0107e deo investicije biti vra\u0107en kroz cenu zakupa, ali i porez na zarade zaposlenih i ostale takse, \u0161to \u0107e zna\u010diti dodatni prihod za bud\u017eet.<\/p>\n<div id='gallery-1' class='gallery galleryid-21702 gallery-columns-5 gallery-size-thumbnail'><figure class='gallery-item'>\n\t\t\t<div class='gallery-icon landscape'>\n\t\t\t\t<a href='https:\/\/centralmedia.rs\/index.php\/2019\/12\/16\/svedski-rimaster-zakupio-3-000-kvadrata-u-paracinu\/grading\/'><img loading=\"lazy\" decoding=\"async\" width=\"150\" height=\"150\" src=\"https:\/\/centralmedia.rs\/wp-content\/uploads\/2019\/12\/grading-150x150.jpg\" class=\"attachment-thumbnail size-thumbnail\" alt=\"\" \/><\/a>\n\t\t\t<\/div><\/figure><figure class='gallery-item'>\n\t\t\t<div class='gallery-icon landscape'>\n\t\t\t\t<a href='https:\/\/centralmedia.rs\/index.php\/2019\/12\/16\/svedski-rimaster-zakupio-3-000-kvadrata-u-paracinu\/rimaster-4\/'><img loading=\"lazy\" decoding=\"async\" width=\"150\" height=\"150\" src=\"https:\/\/centralmedia.rs\/wp-content\/uploads\/2019\/12\/rimaster-150x150.jpg\" class=\"attachment-thumbnail size-thumbnail\" alt=\"\" \/><\/a>\n\t\t\t<\/div><\/figure><figure class='gallery-item'>\n\t\t\t<div class='gallery-icon landscape'>\n\t\t\t\t<a href='https:\/\/centralmedia.rs\/index.php\/2019\/12\/16\/svedski-rimaster-zakupio-3-000-kvadrata-u-paracinu\/rimaster2\/'><img loading=\"lazy\" decoding=\"async\" width=\"150\" height=\"150\" src=\"https:\/\/centralmedia.rs\/wp-content\/uploads\/2019\/12\/rimaster2-150x150.jpg\" class=\"attachment-thumbnail size-thumbnail\" alt=\"\" \/><\/a>\n\t\t\t<\/div><\/figure><figure class='gallery-item'>\n\t\t\t<div class='gallery-icon landscape'>\n\t\t\t\t<a href='https:\/\/centralmedia.rs\/index.php\/2019\/12\/16\/svedski-rimaster-zakupio-3-000-kvadrata-u-paracinu\/rimaster4\/'><img loading=\"lazy\" decoding=\"async\" width=\"150\" height=\"150\" src=\"https:\/\/centralmedia.rs\/wp-content\/uploads\/2019\/12\/rimaster4-150x150.jpg\" class=\"attachment-thumbnail size-thumbnail\" alt=\"\" \/><\/a>\n\t\t\t<\/div><\/figure><figure class='gallery-item'>\n\t\t\t<div class='gallery-icon landscape'>\n\t\t\t\t<a href='https:\/\/centralmedia.rs\/index.php\/2019\/12\/16\/svedski-rimaster-zakupio-3-000-kvadrata-u-paracinu\/rimaster5\/'><img loading=\"lazy\" decoding=\"async\" width=\"150\" height=\"150\" src=\"https:\/\/centralmedia.rs\/wp-content\/uploads\/2019\/12\/rimaster5-150x150.jpg\" class=\"attachment-thumbnail size-thumbnail\" alt=\"\" \/><\/a>\n\t\t\t<\/div><\/figure>\n\t\t<\/div>\n\n<p>&nbsp;<\/p>\n<p>Ugovor o zakupnu je na 7 godina. Kompanija &#8220;Rimaster&#8221;, koja bi, prema najavama, u prvom slede\u0107em investicionom ciklusu, posle preseljenja u novi prostor uposlila oko 200, a do okon\u010danja kompletno planiranog investiranja u Para\u0107inu u narednim godinama, do 1.000 ljudi. Izgradnja proizvodnog objekta poverena je preduze\u0107u \u201cGrading\u201d. O\u010dekuje se da \u0107e se vrlo brzo ispuniti predvi\u0111anja o \u010detrdesetak firmi u industrijskoj zoni, te da se radi o vi\u0161e hiljada radnih mesta u bliskoj budu\u0107nosti, ra\u010dunaju\u0107i i &#8220;Rimaster&#8221;. U neposrednoj blizini budu\u0107eg op\u0161tinskog objekta ni\u010de objekat jedne privatne firme, a preko puta bugarska firma \u201cCinkomet\u201d gradi halu, planira kupovinu jo\u0161 jedne parcele da gradi i drugi objekat. Proizvodni pogon prehrambene industrije koji je dobio pomo\u0107 Evropske unije po\u010dinje sa radom, a na ulazu u zonu gradi se veliki objekat povr\u0161ine 1.200 kvadrata doma\u0107eg investitora&#8230; Za novi blok parcela op\u0161tina je nedavno zavr\u0161ila izgradnju saobra\u0107ajnice sa svom potrebnom infrastrukturom, tako da je taj blok sada na raspolaganju potencijalnim investitorima. U budu\u0107nosti \u0107e svakako biti potrebni novi kapaciteti u elektri\u010dnoj energiji za nove firme, a od slede\u0107e godine gradi\u0107e se jo\u0161 neke saobra\u0107ajnice za preostali blok koji, za sada, jo\u0161 nije otvoren. Taj blok dolazi na red za izgradnju infrastrukture kada bude prodate parcele u bloku koji je nedavno otvoren.<\/p>\n<p>&nbsp;<\/p>\n<p>&nbsp;<\/p>\n","protected":false},"excerpt":{"rendered":"<p>PARA\u0106IN- Direktor \u0161vedske kompanje &#8220;Rimaster&#8221; Tomas Stalnert i predsednik op\u0161tine Para\u0107in Sa\u0161a Paunovi\u0107 potpisali su dana Ugovor o zakupu proizvodne hale 3.000 kvadrata u Industrijskom &hellip; <\/p>\n","protected":false},"author":2,"featured_media":21703,"comment_status":"open","ping_status":"open","sticky":false,"template":"","format":"standard","meta":{"footnotes":""},"categories":[22,1524,2,1516,887,12],"tags":[156,3425,1084,1712],"_links":{"self":[{"href":"https:\/\/centralmedia.rs\/index.php\/wp-json\/wp\/v2\/posts\/21702"}],"collection":[{"href":"https:\/\/centralmedia.rs\/index.php\/wp-json\/wp\/v2\/posts"}],"about":[{"href":"https:\/\/centralmedia.rs\/index.php\/wp-json\/wp\/v2\/types\/post"}],"author":[{"embeddable":true,"href":"https:\/\/centralmedia.rs\/index.php\/wp-json\/wp\/v2\/users\/2"}],"replies":[{"embeddable":true,"href":"https:\/\/centralmedia.rs\/index.php\/wp-json\/wp\/v2\/comments?post=21702"}],"version-history":[{"count":1,"href":"https:\/\/centralmedia.rs\/index.php\/wp-json\/wp\/v2\/posts\/21702\/revisions"}],"predecessor-version":[{"id":21709,"href":"https:\/\/centralmedia.rs\/index.php\/wp-json\/wp\/v2\/posts\/21702\/revisions\/21709"}],"wp:featuredmedia":[{"embeddable":true,"href":"https:\/\/centralmedia.rs\/index.php\/wp-json\/wp\/v2\/media\/21703"}],"wp:attachment":[{"href":"https:\/\/centralmedia.rs\/index.php\/wp-json\/wp\/v2\/media?parent=21702"}],"wp:term":[{"taxonomy":"category","embeddable":true,"href":"https:\/\/centralmedia.rs\/index.php\/wp-json\/wp\/v2\/categories?post=21702"},{"taxonomy":"post_tag","embeddable":true,"href":"https:\/\/centralmedia.rs\/index.php\/wp-json\/wp\/v2\/tags?post=21702"}],"curies":[{"name":"wp","href":"https:\/\/api.w.org\/{rel}","templated":true}]}}