{"id":21710,"date":"2019-12-16T19:05:29","date_gmt":"2019-12-16T19:05:29","guid":{"rendered":"http:\/\/centralmedia.rs\/?p=21710"},"modified":"2019-12-20T15:44:35","modified_gmt":"2019-12-20T15:44:35","slug":"pedofil-iz-jagodine-decu-koristio-za-snimanje-pornografskih-sadrzaja-i-polno-ih-uznemiravao","status":"publish","type":"post","link":"https:\/\/centralmedia.rs\/index.php\/2019\/12\/16\/pedofil-iz-jagodine-decu-koristio-za-snimanje-pornografskih-sadrzaja-i-polno-ih-uznemiravao\/","title":{"rendered":"PEDOFIL IZ JAGODINE &#8211; Decu koristio za snimanje pornografskih sadr\u017eaja i polno ih uznemiravao"},"content":{"rendered":"<p>BEOGRAD- Pripadnici Ministarstva unutra\u0161njih poslova, Odeljenja za suzbijanje visokotehnolo\u0161kog kriminala, u saradnji sa Posebnim odeljenjem za borbu protiv visokotehnolo\u0161kog kriminala Vi\u0161eg javnog tu\u017eila\u0161tva u Beogradu, uhapsili su tri osobe zbog postojanja osnova sumnje da su izvr\u0161ile vi\u0161e krivi\u010dnih dela<\/p>\n<p>Kako se sumnja B. \u0110. (23) iz Kova\u010dice, P. M. (36) iz Jagodine i P. D. (44) iz Novog Sada, uhap\u0161eni su zbog postojanja osnova sumnje da su izvr\u0161ili krivi\u010dno delo prikazivanje, pribavljanje i posedovanje pornografskog materijala i iskori\u0161\u0107avanje maloletnog lica za pornografiju, dok se B. \u0110. i P. M. terete da su izvr\u0161ili i krivi\u010dna dela polno uznemiravanje.<\/p>\n<p>Policija je tokom pretresa stanova i drugih prostorija koje osumnji\u010deni koriste prona\u0161la materijal nastao zloupotrebom dece u pornografske svrhe.<\/p>\n<p>Sumnja se da su B. \u0110. i P. M. u du\u017eem vremenskom periodu, preko dru\u0161tvenih mre\u017ea slali poruke seksualne prirode maloletnim osobama i tra\u017eili da im \u0161alju svoje obna\u017eene fotografije.<\/p>\n<p>Osumnji\u010denima je odre\u0111eno zadr\u017eavanje do 48 \u010dasova nakon \u010dega \u0107e, uz krivi\u010dne prijave, biti privedeni Posebnom odeljenju za borbu protiv visokotehnolo\u0161kog kriminala Vi\u0161eg javnog tu\u017eila\u0161tva u Beogradu.<\/p>\n","protected":false},"excerpt":{"rendered":"<p>BEOGRAD- Pripadnici Ministarstva unutra\u0161njih poslova, Odeljenja za suzbijanje visokotehnolo\u0161kog kriminala, u saradnji sa Posebnim odeljenjem za borbu protiv visokotehnolo\u0161kog kriminala Vi\u0161eg javnog tu\u017eila\u0161tva u Beogradu, &hellip; <\/p>\n","protected":false},"author":2,"featured_media":16553,"comment_status":"open","ping_status":"open","sticky":false,"template":"","format":"standard","meta":{"footnotes":""},"categories":[1524,20,2,1514,12],"tags":[58,258],"_links":{"self":[{"href":"https:\/\/centralmedia.rs\/index.php\/wp-json\/wp\/v2\/posts\/21710"}],"collection":[{"href":"https:\/\/centralmedia.rs\/index.php\/wp-json\/wp\/v2\/posts"}],"about":[{"href":"https:\/\/centralmedia.rs\/index.php\/wp-json\/wp\/v2\/types\/post"}],"author":[{"embeddable":true,"href":"https:\/\/centralmedia.rs\/index.php\/wp-json\/wp\/v2\/users\/2"}],"replies":[{"embeddable":true,"href":"https:\/\/centralmedia.rs\/index.php\/wp-json\/wp\/v2\/comments?post=21710"}],"version-history":[{"count":1,"href":"https:\/\/centralmedia.rs\/index.php\/wp-json\/wp\/v2\/posts\/21710\/revisions"}],"predecessor-version":[{"id":21711,"href":"https:\/\/centralmedia.rs\/index.php\/wp-json\/wp\/v2\/posts\/21710\/revisions\/21711"}],"wp:featuredmedia":[{"embeddable":true,"href":"https:\/\/centralmedia.rs\/index.php\/wp-json\/wp\/v2\/media\/16553"}],"wp:attachment":[{"href":"https:\/\/centralmedia.rs\/index.php\/wp-json\/wp\/v2\/media?parent=21710"}],"wp:term":[{"taxonomy":"category","embeddable":true,"href":"https:\/\/centralmedia.rs\/index.php\/wp-json\/wp\/v2\/categories?post=21710"},{"taxonomy":"post_tag","embeddable":true,"href":"https:\/\/centralmedia.rs\/index.php\/wp-json\/wp\/v2\/tags?post=21710"}],"curies":[{"name":"wp","href":"https:\/\/api.w.org\/{rel}","templated":true}]}}