{"id":2172,"date":"2016-02-23T07:44:12","date_gmt":"2016-02-23T07:44:12","guid":{"rendered":"http:\/\/centralmedia.rs\/?p=2172"},"modified":"2016-02-23T21:14:41","modified_gmt":"2016-02-23T21:14:41","slug":"anastasija-nemam-vise-nikog-sve-je-u-vodu-otislo","status":"publish","type":"post","link":"https:\/\/centralmedia.rs\/index.php\/2016\/02\/23\/anastasija-nemam-vise-nikog-sve-je-u-vodu-otislo\/","title":{"rendered":"ANASTASIJA \u2013 NEMAM VI\u0160E NIKOG, SVE JE U VODU OTI\u0160LO"},"content":{"rendered":"<p>JAGODINA-Tragi\u010dna smrt supru\u017enika Marije Agatonovi\u0107 (23) i Slavi\u0161e Vasi\u0107a (30) iz Jagodine koji su poginuli u saobra\u0107ajnoj nesre\u0107i na regionalnom putu Kragujevac \u2013Jagodina kod Dragocveta zavila je u crno dve porodice, ali i otvorila bolno pitanje odrastanja i budu\u0107nosti  troje maloletne dece Anastasije (5), Nenada (3) i \u010detrnaestomese\u010dnog Nemanje. \u017divka Vasi\u0107a strica pokojnog Slavi\u0161e  zati\u010demo isped zaklju\u010danog porodi\u010dnog doma Vasi\u0107a<figure id=\"attachment_2174\" aria-describedby=\"caption-attachment-2174\" style=\"width: 300px\" class=\"wp-caption alignnone\"><a href=\"https:\/\/centralmedia.rs\/wp-content\/uploads\/2016\/02\/zivko-vasic-stric-pokojnog-slavise-1-jagodina-g.j.jpg\" rel=\"attachment wp-att-2174\"><img loading=\"lazy\" decoding=\"async\" src=\"https:\/\/centralmedia.rs\/wp-content\/uploads\/2016\/02\/zivko-vasic-stric-pokojnog-slavise-1-jagodina-g.j-300x282.jpg\" alt=\"\u017divko Vasi\u0107\" width=\"300\" height=\"282\" class=\"size-medium wp-image-2174\" srcset=\"https:\/\/centralmedia.rs\/wp-content\/uploads\/2016\/02\/zivko-vasic-stric-pokojnog-slavise-1-jagodina-g.j-300x282.jpg 300w, https:\/\/centralmedia.rs\/wp-content\/uploads\/2016\/02\/zivko-vasic-stric-pokojnog-slavise-1-jagodina-g.j-768x721.jpg 768w, https:\/\/centralmedia.rs\/wp-content\/uploads\/2016\/02\/zivko-vasic-stric-pokojnog-slavise-1-jagodina-g.j.jpg 900w\" sizes=\"(max-width: 300px) 100vw, 300px\" \/><\/a><figcaption id=\"caption-attachment-2174\" class=\"wp-caption-text\">\u017divko Vasi\u0107<\/figcaption><\/figure><br \/>\n-U bolnici u Kragujevcu pitali su petogodi\u0161nju Anastasiju koga ima, kazala je da vi\u0161e nema nikog i da je sve u vodu oti\u0161lo, dok \u010detrnaestomese\u010dni Nemanja samo \u017emuri. Ona je sada sa trogodi\u0161njim Nenadom u kragujeva\u010dkoj bolnici, kome je sanirana povredu noge.  Najmla\u0111eg Nemanju je majka dr\u017eala naru\u010dju i za\u0161titila ga sigurne smrti prilikom udesa. On ima prelom kuka i preba\u010den je u Beograd, ali nemamo informacije o njemu. Ne znamo \u0161ta \u0107e biti sa decom, a to je posle ove tragedije najbitnija stvar, ka\u017ee kroz suze \u017divko.<br \/>\nMarko Agatonovi\u0107 i Ru\u017eica Stefanovi\u0107 brat i ma\u0107eha pokojne Marije sa kom\u0161ijama i ro\u0111acima ispred porodi\u010dne ku\u0107e u \u0160uljkovcu.<br \/>\n\t-Ne mo\u017eemo da prihvatimo da ih vi\u0161e nema. Oti\u0161li su od nas u smrt. Bili su veseli, nasmejani, lepi. Celo popodne je Marija sa decom spremala ru\u010dak, \u010distila ku\u0107u, pomagala mi, a Slavi\u0161a je popravljao automobil u Rakitovu. Ne znam \u0161ta je  moglo da se dogodi, popili su kafu i po\u0161li ku\u0107i, prise\u0107a se Ru\u017eica.<br \/>\n\t<figure id=\"attachment_2175\" aria-describedby=\"caption-attachment-2175\" style=\"width: 300px\" class=\"wp-caption alignnone\"><a href=\"https:\/\/centralmedia.rs\/wp-content\/uploads\/2016\/02\/marijana-maceha-ruzica-stefanovic-i-brat-marko-agatonovic-jagodina-g.j.jpg\" rel=\"attachment wp-att-2175\"><img loading=\"lazy\" decoding=\"async\" src=\"https:\/\/centralmedia.rs\/wp-content\/uploads\/2016\/02\/marijana-maceha-ruzica-stefanovic-i-brat-marko-agatonovic-jagodina-g.j-300x225.jpg\" alt=\"Ru\u017eica Stefanovi\u0107 i Marko Agatonovi\u0107\" width=\"300\" height=\"225\" class=\"size-medium wp-image-2175\" srcset=\"https:\/\/centralmedia.rs\/wp-content\/uploads\/2016\/02\/marijana-maceha-ruzica-stefanovic-i-brat-marko-agatonovic-jagodina-g.j-300x225.jpg 300w, https:\/\/centralmedia.rs\/wp-content\/uploads\/2016\/02\/marijana-maceha-ruzica-stefanovic-i-brat-marko-agatonovic-jagodina-g.j-768x576.jpg 768w, https:\/\/centralmedia.rs\/wp-content\/uploads\/2016\/02\/marijana-maceha-ruzica-stefanovic-i-brat-marko-agatonovic-jagodina-g.j-80x60.jpg 80w, https:\/\/centralmedia.rs\/wp-content\/uploads\/2016\/02\/marijana-maceha-ruzica-stefanovic-i-brat-marko-agatonovic-jagodina-g.j-265x198.jpg 265w, https:\/\/centralmedia.rs\/wp-content\/uploads\/2016\/02\/marijana-maceha-ruzica-stefanovic-i-brat-marko-agatonovic-jagodina-g.j.jpg 900w\" sizes=\"(max-width: 300px) 100vw, 300px\" \/><\/a><figcaption id=\"caption-attachment-2175\" class=\"wp-caption-text\">Ru\u017eica Stefanovi\u0107 i Marko Agatonovi\u0107<\/figcaption><\/figure>-Anastasija je vri\u0161tala i plakala, kada sam sa  ocem Zoranom  do\u0161ao do mesta nesre\u0107e. Bila je van sebe zbog svega \u0161to se dogodilo, mislim da je bila svesna tragedije. Ona je ispala iz auta, dok su Nemanja i Nenad bili u autu. Na obali je provela bar pet minuta dozivaju\u0107i bra\u0107u i roditelje. Deca su odmah izneta iz korita, a zatim  je Slavi\u0161a koji je disao i davao znake \u017eivota odvezen u bolnicu, dok je  Marija poginula na licu mesta. Za\u0161titila je Nemanju svojim telom, pri\u010da Marko brat pokojne Marije.     <figure id=\"attachment_2176\" aria-describedby=\"caption-attachment-2176\" style=\"width: 300px\" class=\"wp-caption alignnone\"><a href=\"https:\/\/centralmedia.rs\/wp-content\/uploads\/2016\/02\/saobracajka-dan-4-jagodina-g.j..jpg\" rel=\"attachment wp-att-2176\"><img loading=\"lazy\" decoding=\"async\" src=\"https:\/\/centralmedia.rs\/wp-content\/uploads\/2016\/02\/saobracajka-dan-4-jagodina-g.j.-300x225.jpg\" alt=\"Most na Jo\u0161ani\u010dkoj reci\" width=\"300\" height=\"225\" class=\"size-medium wp-image-2176\" srcset=\"https:\/\/centralmedia.rs\/wp-content\/uploads\/2016\/02\/saobracajka-dan-4-jagodina-g.j.-300x225.jpg 300w, https:\/\/centralmedia.rs\/wp-content\/uploads\/2016\/02\/saobracajka-dan-4-jagodina-g.j.-768x576.jpg 768w, https:\/\/centralmedia.rs\/wp-content\/uploads\/2016\/02\/saobracajka-dan-4-jagodina-g.j.-80x60.jpg 80w, https:\/\/centralmedia.rs\/wp-content\/uploads\/2016\/02\/saobracajka-dan-4-jagodina-g.j.-265x198.jpg 265w, https:\/\/centralmedia.rs\/wp-content\/uploads\/2016\/02\/saobracajka-dan-4-jagodina-g.j..jpg 900w\" sizes=\"(max-width: 300px) 100vw, 300px\" \/><\/a><figcaption id=\"caption-attachment-2176\" class=\"wp-caption-text\">Most na Jo\u0161ani\u010dkoj reci<\/figcaption><\/figure><br \/>\nNeboj\u0161a Vasi\u0107 brat od strica pokojnog Slavi\u0161e pretpostavlja da su najverovatnije zatajile ko\u010dnice i da je zbog toga do\u0161lo do sletanja automobile.<br \/>\n \t-Kod mene je proveo \u010ditavo popodne, popravljao je auspuh. Imao je predhodnih dana problem sa ko\u010dnicama, menjao, popravljao,ali problem nije mogao da se re\u0161i. On je taj put znao bolje nego put do roditeljske ku\u0107e, jer su tri puta dnevno i\u0161li u \u0160uljkovac, vodili decu, prakti\u010dno tamo \u017eiveli, a u Jagodini samo spavali, obja\u0161njava on. <figure id=\"attachment_2177\" aria-describedby=\"caption-attachment-2177\" style=\"width: 300px\" class=\"wp-caption alignnone\"><a href=\"https:\/\/centralmedia.rs\/wp-content\/uploads\/2016\/02\/slavisa-i-marija-1.jpg\" rel=\"attachment wp-att-2177\"><img loading=\"lazy\" decoding=\"async\" src=\"https:\/\/centralmedia.rs\/wp-content\/uploads\/2016\/02\/slavisa-i-marija-1-300x200.jpg\" alt=\"Marija i Slavi\u0161a\" width=\"300\" height=\"200\" class=\"size-medium wp-image-2177\" srcset=\"https:\/\/centralmedia.rs\/wp-content\/uploads\/2016\/02\/slavisa-i-marija-1-300x200.jpg 300w, https:\/\/centralmedia.rs\/wp-content\/uploads\/2016\/02\/slavisa-i-marija-1.jpg 600w\" sizes=\"(max-width: 300px) 100vw, 300px\" \/><\/a><figcaption id=\"caption-attachment-2177\" class=\"wp-caption-text\">Marija i Slavi\u0161a<\/figcaption><\/figure><br \/>\nKom\u0161ija Zoran Simi\u0107 prvi je javio Agatonovi\u0107ima za tragediju.<br \/>\n\t-Na\u017ealost saop\u0161tio sam kom\u0161ijama tragi\u010dnu vest. Marija je rasla pored mene, Slavi\u0161a je bio dobar mladi\u0107, njihovo troje dece an\u0111eli. \u017divot je nepravedan, crn bez imalo belog, pri\u010da Simi\u0107.<br \/>\nBiljana sestra pokojnog Slavi\u0161e nestala je pro\u0161le godine u Italiji, od porodice je uziman DNK uzorak radi upore\u0111enja sa licima koja su prona\u0111ena mrtva. Njihova majka Vlajinka posle o\u010deve smrti \u017eivi bez ikakvih prihoda, ona nije bila kod ku\u0107e.<br \/>\nSahrana \u0107e biti obavljena danas u 13.30 na seoskom groblju u Rakitovu.<\/p>\n<p><a href=\"https:\/\/centralmedia.rs\/wp-content\/uploads\/2016\/02\/saobracajka-dan-3-jagodina-g.j..jpg\" rel=\"attachment wp-att-2178\"><img loading=\"lazy\" decoding=\"async\" src=\"https:\/\/centralmedia.rs\/wp-content\/uploads\/2016\/02\/saobracajka-dan-3-jagodina-g.j.-300x225.jpg\" alt=\"saobracajka dan 3-jagodina-g.j.\" width=\"300\" height=\"225\" class=\"alignnone size-medium wp-image-2178\" srcset=\"https:\/\/centralmedia.rs\/wp-content\/uploads\/2016\/02\/saobracajka-dan-3-jagodina-g.j.-300x225.jpg 300w, https:\/\/centralmedia.rs\/wp-content\/uploads\/2016\/02\/saobracajka-dan-3-jagodina-g.j.-768x576.jpg 768w, https:\/\/centralmedia.rs\/wp-content\/uploads\/2016\/02\/saobracajka-dan-3-jagodina-g.j.-80x60.jpg 80w, https:\/\/centralmedia.rs\/wp-content\/uploads\/2016\/02\/saobracajka-dan-3-jagodina-g.j.-265x198.jpg 265w, https:\/\/centralmedia.rs\/wp-content\/uploads\/2016\/02\/saobracajka-dan-3-jagodina-g.j..jpg 900w\" sizes=\"(max-width: 300px) 100vw, 300px\" \/><\/a><br \/>\nCRNA TA\u010cKA<br \/>\nMost preko Jo\u0161ani\u010dke reke u Dragocvetu na regionalnom putu Jagodina-Kragujevac je crna ta\u010dka na tom putu, jer je do sada  tu nastradalo vi\u0161e lica. Na tom delu puta, prema pri\u010di me\u0161tana Dragocveta, saobra\u0107ajne nezgode su \u010deste, \u010dak je dolazio do sletanja autobusa, ali pre ove oni pamte dve nesre\u0107e od pre 25 i 30 godina, kada su mladi ljudi gubili \u017eivote. <\/p>\n<p>TE\u0160KA SOCIJALNA SITUACIJA<br \/>\nMarija i Slavi\u0161a \u017eiveli su u Jagodini, izdr\u017eavali se od socijalen pomo\u0107i i de\u010dijeg dodatka. Marijin deda im je ustupio ku\u0107u. Majka pokojnog Slavi\u0161e od smrti supruga nema primanja, \u010dak ni socijalnu pomo\u0107.<\/p>\n","protected":false},"excerpt":{"rendered":"<p>JAGODINA-Tragi\u010dna smrt supru\u017enika Marije Agatonovi\u0107 (23) i Slavi\u0161e Vasi\u0107a (30) iz Jagodine koji su poginuli u saobra\u0107ajnoj nesre\u0107i na regionalnom putu Kragujevac \u2013Jagodina kod Dragocveta &hellip; <\/p>\n","protected":false},"author":4,"featured_media":2173,"comment_status":"open","ping_status":"open","sticky":false,"template":"","format":"standard","meta":{"footnotes":""},"categories":[20,2,12],"tags":[58,556,560],"_links":{"self":[{"href":"https:\/\/centralmedia.rs\/index.php\/wp-json\/wp\/v2\/posts\/2172"}],"collection":[{"href":"https:\/\/centralmedia.rs\/index.php\/wp-json\/wp\/v2\/posts"}],"about":[{"href":"https:\/\/centralmedia.rs\/index.php\/wp-json\/wp\/v2\/types\/post"}],"author":[{"embeddable":true,"href":"https:\/\/centralmedia.rs\/index.php\/wp-json\/wp\/v2\/users\/4"}],"replies":[{"embeddable":true,"href":"https:\/\/centralmedia.rs\/index.php\/wp-json\/wp\/v2\/comments?post=2172"}],"version-history":[{"count":0,"href":"https:\/\/centralmedia.rs\/index.php\/wp-json\/wp\/v2\/posts\/2172\/revisions"}],"wp:featuredmedia":[{"embeddable":true,"href":"https:\/\/centralmedia.rs\/index.php\/wp-json\/wp\/v2\/media\/2173"}],"wp:attachment":[{"href":"https:\/\/centralmedia.rs\/index.php\/wp-json\/wp\/v2\/media?parent=2172"}],"wp:term":[{"taxonomy":"category","embeddable":true,"href":"https:\/\/centralmedia.rs\/index.php\/wp-json\/wp\/v2\/categories?post=2172"},{"taxonomy":"post_tag","embeddable":true,"href":"https:\/\/centralmedia.rs\/index.php\/wp-json\/wp\/v2\/tags?post=2172"}],"curies":[{"name":"wp","href":"https:\/\/api.w.org\/{rel}","templated":true}]}}