{"id":21795,"date":"2019-12-20T14:53:22","date_gmt":"2019-12-20T14:53:22","guid":{"rendered":"http:\/\/centralmedia.rs\/?p=21795"},"modified":"2019-12-23T11:12:18","modified_gmt":"2019-12-23T11:12:18","slug":"palma-od-1-februara-naredne-godine-400-mladih-ljudi-bice-zaposleno","status":"publish","type":"post","link":"https:\/\/centralmedia.rs\/index.php\/2019\/12\/20\/palma-od-1-februara-naredne-godine-400-mladih-ljudi-bice-zaposleno\/","title":{"rendered":"PALMA : OD 1. FEBRUARA NAREDNE GODINE 400 MLADIH LJUDI BI\u0106E ZAPOSLENO"},"content":{"rendered":"<p>Rekordnih 3500 ljudi sa teritorije grada Jagodine na redovnom prijemu gra\u0111ana uo\u010di Novogodi\u0161njih i Bo\u017ei\u010dnih praznika kod predsednika Skup\u0161tine grada Jagodine Dragana Markovi\u0107a Palme.<\/p>\n<div id='gallery-1' class='gallery galleryid-21795 gallery-columns-7 gallery-size-thumbnail'><figure class='gallery-item'>\n\t\t\t<div class='gallery-icon landscape'>\n\t\t\t\t<a href='https:\/\/centralmedia.rs\/index.php\/2019\/12\/20\/palma-od-1-februara-naredne-godine-400-mladih-ljudi-bice-zaposleno\/prijem-2-4\/'><img loading=\"lazy\" decoding=\"async\" width=\"150\" height=\"150\" src=\"https:\/\/centralmedia.rs\/wp-content\/uploads\/2019\/12\/PRIJEM-2-150x150.jpg\" class=\"attachment-thumbnail size-thumbnail\" alt=\"\" \/><\/a>\n\t\t\t<\/div><\/figure><figure class='gallery-item'>\n\t\t\t<div class='gallery-icon landscape'>\n\t\t\t\t<a href='https:\/\/centralmedia.rs\/index.php\/2019\/12\/20\/palma-od-1-februara-naredne-godine-400-mladih-ljudi-bice-zaposleno\/prijem-3-2\/'><img loading=\"lazy\" decoding=\"async\" width=\"150\" height=\"150\" src=\"https:\/\/centralmedia.rs\/wp-content\/uploads\/2019\/12\/PRIJEM-3-150x150.jpg\" class=\"attachment-thumbnail size-thumbnail\" alt=\"\" \/><\/a>\n\t\t\t<\/div><\/figure><figure class='gallery-item'>\n\t\t\t<div class='gallery-icon landscape'>\n\t\t\t\t<a href='https:\/\/centralmedia.rs\/index.php\/2019\/12\/20\/palma-od-1-februara-naredne-godine-400-mladih-ljudi-bice-zaposleno\/prijem-4-2\/'><img loading=\"lazy\" decoding=\"async\" width=\"150\" height=\"150\" src=\"https:\/\/centralmedia.rs\/wp-content\/uploads\/2019\/12\/PRIJEM-4-150x150.jpg\" class=\"attachment-thumbnail size-thumbnail\" alt=\"\" \/><\/a>\n\t\t\t<\/div><\/figure><figure class='gallery-item'>\n\t\t\t<div class='gallery-icon landscape'>\n\t\t\t\t<a href='https:\/\/centralmedia.rs\/index.php\/2019\/12\/20\/palma-od-1-februara-naredne-godine-400-mladih-ljudi-bice-zaposleno\/prijem-5-2\/'><img loading=\"lazy\" decoding=\"async\" width=\"150\" height=\"150\" src=\"https:\/\/centralmedia.rs\/wp-content\/uploads\/2019\/12\/PRIJEM-5-150x150.jpg\" class=\"attachment-thumbnail size-thumbnail\" alt=\"\" \/><\/a>\n\t\t\t<\/div><\/figure><figure class='gallery-item'>\n\t\t\t<div class='gallery-icon landscape'>\n\t\t\t\t<a href='https:\/\/centralmedia.rs\/index.php\/2019\/12\/20\/palma-od-1-februara-naredne-godine-400-mladih-ljudi-bice-zaposleno\/prijem-6\/'><img loading=\"lazy\" decoding=\"async\" width=\"150\" height=\"150\" src=\"https:\/\/centralmedia.rs\/wp-content\/uploads\/2019\/12\/prijem-150x150.jpg\" class=\"attachment-thumbnail size-thumbnail\" alt=\"\" \/><\/a>\n\t\t\t<\/div><\/figure><figure class='gallery-item'>\n\t\t\t<div class='gallery-icon landscape'>\n\t\t\t\t<a href='https:\/\/centralmedia.rs\/index.php\/2019\/12\/20\/palma-od-1-februara-naredne-godine-400-mladih-ljudi-bice-zaposleno\/prijem1-2\/'><img loading=\"lazy\" decoding=\"async\" width=\"150\" height=\"150\" src=\"https:\/\/centralmedia.rs\/wp-content\/uploads\/2019\/12\/prijem1-150x150.jpg\" class=\"attachment-thumbnail size-thumbnail\" alt=\"\" \/><\/a>\n\t\t\t<\/div><\/figure><figure class='gallery-item'>\n\t\t\t<div class='gallery-icon landscape'>\n\t\t\t\t<a href='https:\/\/centralmedia.rs\/index.php\/2019\/12\/20\/palma-od-1-februara-naredne-godine-400-mladih-ljudi-bice-zaposleno\/prijem2-2\/'><img loading=\"lazy\" decoding=\"async\" width=\"150\" height=\"150\" src=\"https:\/\/centralmedia.rs\/wp-content\/uploads\/2019\/12\/prijem2-150x150.jpg\" class=\"attachment-thumbnail size-thumbnail\" alt=\"\" \/><\/a>\n\t\t\t<\/div><\/figure>\n\t\t<\/div>\n\n<p>-Imam dve radosne vesti za sve one nezaposlene sa teritorije grada Jagodine. Od 1. februara u Jagodini \u0107e bit postavljena dva kamena temeljca za dve nove fabrike, a pored toga poznati italijanski proizvo\u0111a\u010d kuhinja \u201eMobilturi\u201c, koji ve\u0107 ima fabriku u Jagodini, napravi\u0107e jo\u0161 jednu prozvodnu halu od 4000 kvadrata, gde \u0107e zaposliti jo\u0161 50 ljudi. Pored toga, mi smo kao lokalna samouprava obavestili sve vlasnike preduze\u0107a u Jagodini, zamolili ih da prime odre\u0111en broj radnika i dogovorili smo da ukupno 400 mladih ljudi iz Jagodine zaposle privatne kompanije u Jagodini, a 50 posto plate \u0107e davati Grad Jagodina, a 50 posto poslodavac. Tih 400 mladih ljudi bi\u0107e primljeno na \u0161estomese\u010dnu obuku, a nakon \u0161est meseci poslodavac \u0107e re\u0107i ko je zadovoljio potrebe tog preduze\u0107a i ostati da radi. Dva razloga \u0107e imati mladi ljudi da se bore za to radno mesto, a to su dobra plata i sguran posao. Tako da mislim da od 1. februara u Jagodini \u0107e biti nezaposlen samo onaj ko ne \u017eeli da radi\u201c, izjavio je danas predsednik Skup\u0161tine grada Jagodine Dragan Markovi\u0107 Palma na redovnom prijemu gra\u0111ana u Skup\u0161tini grada Jagodine. \u201eSvake godine Skup\u0161tina grada Jagodine organizuje prijem gra\u0111ana vi\u0161e puta godi\u0161nje. Nisu to gra\u0111ani koji tra\u017ee da se re\u0161i neki infrastrukturni problem, jer smo te probleme re\u0161ili. Grad Jagodina je poznat po tome da se bori protiv bele kuge, ali moram re\u0107i da sam iznena\u0111en velikim brojem porodica koji imaju troje, \u010detvero i petoro dece. Mi smo danas davali 3000 dinara po detetu, a kada su u pitanju stariji i bolesni ljudi, ako je jedan od bra\u010dnih drugova bolestan davali smo 2 ili 3 hiljade dinara, a ako su oboje bolesni onda 4 ili 6 hiljada dinara i postoji stru\u010dna slu\u017eba koja to odre\u0111uje. Ono \u0161to jeste problem je pove\u0107anje broja obolelih od te\u0161kih bolesti. Pre 8, 9 ili 10 godina nije bilo obolelih od te\u0161kih bolesti u ovolikom broju. Kada su pitanju bolesni, grad Jagodina ne samo da daje novac za lekove, ve\u0107 i besplatno vozi op\u0161tinskim automobilima i autobusom pacijente u Klini\u010dke centre u Beograd, Ni\u0161 i Kragujevac. Broj gra\u0111ana koji je danas bio na prijemu je rekordnih 3500, izjavio je Markovi\u0107.<\/p>\n","protected":false},"excerpt":{"rendered":"<p>Rekordnih 3500 ljudi sa teritorije grada Jagodine na redovnom prijemu gra\u0111ana uo\u010di Novogodi\u0161njih i Bo\u017ei\u010dnih praznika kod predsednika Skup\u0161tine grada Jagodine Dragana Markovi\u0107a Palme. -Imam &hellip; <\/p>\n","protected":false},"author":2,"featured_media":21796,"comment_status":"open","ping_status":"open","sticky":false,"template":"","format":"standard","meta":{"footnotes":""},"categories":[1524,2,1514,13,12],"tags":[1596,120,1379],"_links":{"self":[{"href":"https:\/\/centralmedia.rs\/index.php\/wp-json\/wp\/v2\/posts\/21795"}],"collection":[{"href":"https:\/\/centralmedia.rs\/index.php\/wp-json\/wp\/v2\/posts"}],"about":[{"href":"https:\/\/centralmedia.rs\/index.php\/wp-json\/wp\/v2\/types\/post"}],"author":[{"embeddable":true,"href":"https:\/\/centralmedia.rs\/index.php\/wp-json\/wp\/v2\/users\/2"}],"replies":[{"embeddable":true,"href":"https:\/\/centralmedia.rs\/index.php\/wp-json\/wp\/v2\/comments?post=21795"}],"version-history":[{"count":1,"href":"https:\/\/centralmedia.rs\/index.php\/wp-json\/wp\/v2\/posts\/21795\/revisions"}],"predecessor-version":[{"id":21804,"href":"https:\/\/centralmedia.rs\/index.php\/wp-json\/wp\/v2\/posts\/21795\/revisions\/21804"}],"wp:featuredmedia":[{"embeddable":true,"href":"https:\/\/centralmedia.rs\/index.php\/wp-json\/wp\/v2\/media\/21796"}],"wp:attachment":[{"href":"https:\/\/centralmedia.rs\/index.php\/wp-json\/wp\/v2\/media?parent=21795"}],"wp:term":[{"taxonomy":"category","embeddable":true,"href":"https:\/\/centralmedia.rs\/index.php\/wp-json\/wp\/v2\/categories?post=21795"},{"taxonomy":"post_tag","embeddable":true,"href":"https:\/\/centralmedia.rs\/index.php\/wp-json\/wp\/v2\/tags?post=21795"}],"curies":[{"name":"wp","href":"https:\/\/api.w.org\/{rel}","templated":true}]}}