{"id":21816,"date":"2019-12-21T18:00:59","date_gmt":"2019-12-21T18:00:59","guid":{"rendered":"http:\/\/centralmedia.rs\/?p=21816"},"modified":"2019-12-23T11:13:10","modified_gmt":"2019-12-23T11:13:10","slug":"poruka-hilandara-crkveno-narodnom-saboru-u-niksicu","status":"publish","type":"post","link":"https:\/\/centralmedia.rs\/index.php\/2019\/12\/21\/poruka-hilandara-crkveno-narodnom-saboru-u-niksicu\/","title":{"rendered":"Poruka Hilandara crkveno-narodnom saboru u Nik\u0161i\u0107u"},"content":{"rendered":"<p style=\"text-align: center;\">Poruka<br \/>\nSve\u0161tenog bratstva Presvete Bogorodice<br \/>\nSvete i Slavne carske lavre, manastira Hilandara<br \/>\nna Svetoj Gori Atonskoj<\/p>\n<p style=\"text-align: center;\">Visokopreosve\u0107enom Mitropolitu i<br \/>\nPreosve\u0107enoj gospodi Arhijerejima,<br \/>\nSve\u010dasnom sve\u0161tenstvu i prepodobnom mona\u0161tvu,<br \/>\nljubljenoj bra\u0107i i sestrama,<br \/>\nCrkvi Hristovoj sabranoj u nevolji,<br \/>\nu dan 8.\/21. meseca decembra 2019.<br \/>\npred kivotom Sv. Vasilija,<br \/>\nu Bogom spasavanom gradu Nik\u0161i\u0107u!<\/p>\n<p>Bra\u0107o,<\/p>\n<p>Na Svetu Goru Atonsku udaljili smo se, iz svoje otad\u017ebine, da bi tra\u017eili najpre Carstvo Nebesko i zadobili neprekidnu molitvu, bez ometanja od naslade i ta\u0161tine ovoga sveta. Ovim putem po\u0161li smo za Svetim Savom i prepodobnim Simeonom Nemanjom, raduju\u0107i se novoj domovini kao predvorju savr\u0161enog Carstva.<\/p>\n<p>Me\u0111utim, ko me\u0111u nama mo\u017ee da zaboravi grudi koje su ga mlekom pojile i ruke koje su ga nosile i iznele da bi se jednoga dana uzdigao, daj Bo\u017ee, pred presto samog Cara Slave?\u00a0 Tako ni mi, koji smo dobrovoljno svetu stranci, koji smo Bogorodici posve\u0107eni i Hristu Bogu zakleti, ne zaboravljamo svetlo lice svoje majke i ljubav svoje bra\u0107e.<\/p>\n<p>Do gore atonske, nekada je dolazila slava i pohvala Nemanjine dedovine, a danas sti\u017ee glas sramote njenih glavara. Njihov naum i pretnje upu\u0107ene, bez savesti i srama, Pravoslavnoj Crkvi u Crnoj Gori, opominju nas da se podi\u017ee veliko duhovno zlo \u2013 da se na mesto Pravoslavne Crkve ustoli\u010diti idolopokloni\u010dki oltar. Radi toga se danas sprema razbojni\u010dka plja\u010dka zavetnih hramova Bo\u017eijih, a sutra, ako se dopusti da se to zlo razmahne, ono mo\u017ee da nasrne i na sam \u017eivot. U prirodi je zla da uvek ide sve dalje u bezakonju i grehu i da ne mo\u017ee imati mira dok sve ne prinese propasti.<\/p>\n<p>Sa Svete Gore se jasno vidi da na Pravoslavnoj Crkvi u Crnoj Gori nema nikakve krivice, osim ako joj se zamera \u0161to je majka pravoslavnog naroda, verna svome Predanju i \u0161to ne mo\u017ee da pristane da se po strastima zemaljskim kroje Sveti dogmati, ure\u0111uju kanoni i bri\u0161e dvehiljade godina pravoslavne civilizacije. Da nije tragi\u010dno i opasno, bilo bi za podsmeh.<\/p>\n<p>Bezumlje koje se tako odva\u017eno propoveda, jer su se izbrisale sve granice i pogubila sva merila, opasno je po sve i svakoga. Ko prepoznaje ovaj rukopis taj ve\u0107 poznaje i \u0161ta \u0107e biti, jer iza kulisa, iza konkretnih ljudi, samo je jedan roditelj svakom bezakonju i njemu je samo jedan cilj \u2013 da svet u zlu le\u017ei. To je opomena ne samo nama pravoslavnima, nego i drugim ljudima, drugim narodima, druga\u010dijeg zakona i mi\u0161ljenja, sa kojima delimo svet Bo\u017eiji. Za sve ljude va\u017ei to pravilo da ko nema ljubavi taj nema spasenja, ko nema milosti taj nema pokajanja, ko je bez savesti, taj je bez razuma. Bra\u0107o, bez razuma pravednog zakona nema, i nema mira me\u0111u ljudima.<\/p>\n<p>Na\u0161e gorke re\u010di ne slu\u017ee da vas u\u010dine oru\u0111em bilo \u010dije politike i volje. One su izve\u0161taj o tome kako u ti\u0161ini Svete Gore vidimo doga\u0111aje koji se spremaju pred svima nama. Vi ste slobodni ljudi koji se ponose svojom slobodom. Nosite slobodu sa ose\u0107anjem da je jedina volja koju \u010dovek treba da sleduje volja Bo\u017eija. Kao slobodni ljudi \u010duvajte mir i prezrite bezakonje. Neka bi dao Bog da i srce glavara primi svetlost istine i toplu ljubav Hristovu koja izgoni mrak neznanja.<\/p>\n<p>Blagoslov Presvetog i \u010cudotvornog obraza Presvete Bogorodice Trojeru\u010dice nad svima vama i nad dedovinom prepodobnog Simeona Nemanje, mir vama i svima ljudima Crne Gore i primorja.<\/p>\n<p>Neka bi sve nas Sveti Sava, an\u0111eo nebeski i za\u0161titnik majke koja nas je iz nedara duhovno porodila, i njegov duhovni sledbenik, prvi me\u0111u proslavljenim sinovima njegovog nasledstva, Sveti Vasilije, ostro\u0161ki i hercegova\u010dki \u010dudotvorac, zastupali pred prestolom Cara Slave, Gospoda i Spasa na\u0161eg Isusa Hrista.<\/p>\n<p>Iguman Svetog manastira Hilandara<br \/>\narhimandrit Metodije sa svojim u Hristu bratstvom<\/p>\n","protected":false},"excerpt":{"rendered":"<p>Poruka Sve\u0161tenog bratstva Presvete Bogorodice Svete i Slavne carske lavre, manastira Hilandara na Svetoj Gori Atonskoj Visokopreosve\u0107enom Mitropolitu i Preosve\u0107enoj gospodi Arhijerejima, Sve\u010dasnom sve\u0161tenstvu i &hellip; <\/p>\n","protected":false},"author":2,"featured_media":19198,"comment_status":"open","ping_status":"open","sticky":false,"template":"","format":"standard","meta":{"footnotes":""},"categories":[14,2,12],"tags":[150,4292,1035,894,3526],"_links":{"self":[{"href":"https:\/\/centralmedia.rs\/index.php\/wp-json\/wp\/v2\/posts\/21816"}],"collection":[{"href":"https:\/\/centralmedia.rs\/index.php\/wp-json\/wp\/v2\/posts"}],"about":[{"href":"https:\/\/centralmedia.rs\/index.php\/wp-json\/wp\/v2\/types\/post"}],"author":[{"embeddable":true,"href":"https:\/\/centralmedia.rs\/index.php\/wp-json\/wp\/v2\/users\/2"}],"replies":[{"embeddable":true,"href":"https:\/\/centralmedia.rs\/index.php\/wp-json\/wp\/v2\/comments?post=21816"}],"version-history":[{"count":1,"href":"https:\/\/centralmedia.rs\/index.php\/wp-json\/wp\/v2\/posts\/21816\/revisions"}],"predecessor-version":[{"id":21817,"href":"https:\/\/centralmedia.rs\/index.php\/wp-json\/wp\/v2\/posts\/21816\/revisions\/21817"}],"wp:featuredmedia":[{"embeddable":true,"href":"https:\/\/centralmedia.rs\/index.php\/wp-json\/wp\/v2\/media\/19198"}],"wp:attachment":[{"href":"https:\/\/centralmedia.rs\/index.php\/wp-json\/wp\/v2\/media?parent=21816"}],"wp:term":[{"taxonomy":"category","embeddable":true,"href":"https:\/\/centralmedia.rs\/index.php\/wp-json\/wp\/v2\/categories?post=21816"},{"taxonomy":"post_tag","embeddable":true,"href":"https:\/\/centralmedia.rs\/index.php\/wp-json\/wp\/v2\/tags?post=21816"}],"curies":[{"name":"wp","href":"https:\/\/api.w.org\/{rel}","templated":true}]}}