{"id":21847,"date":"2019-12-22T19:28:51","date_gmt":"2019-12-22T19:28:51","guid":{"rendered":"http:\/\/centralmedia.rs\/?p=21847"},"modified":"2019-12-26T10:44:28","modified_gmt":"2019-12-26T10:44:28","slug":"nova-stranka-smesta-okoncati-ponizavanje-gradana-jagodine","status":"publish","type":"post","link":"https:\/\/centralmedia.rs\/index.php\/2019\/12\/22\/nova-stranka-smesta-okoncati-ponizavanje-gradana-jagodine\/","title":{"rendered":"Nova stranka: Smesta okon\u010dati poni\u017eavanje gra\u0111ana Jagodine"},"content":{"rendered":"<p>JAGODINA- Gradski odbor Nove stranke Jagodina upozorio je vrh lokalne vlasti &#8220;da pod hitno okon\u010da napredno poni\u017eavanje gra\u0111ana koji su, suo\u010deni sa besparicom i krpljenjem kraja sa krajem, dovedeni u situaciju da pognutih glava mole za ne\u0161to \u0161to je zapravo njihovo&#8221;.<\/p>\n<p>Nova stranka u saop\u0161tenju navodi da je\u00a0ove nedelje ponovljen &#8220;prijem&#8221; kod predsednika Skup\u0161tine Grada Dragana Markovi\u0107a, poznatog kao Palma, gde je 3.500 ljudi \u010dekalo satima u redu da bi dobilo &#8220;3.000 za gospo\u0111u ili posao za sina u ponedeljak&#8221;.<\/p>\n<p>&#8220;Tu\u017ena slika ljudi mahom u tre\u0107em dobu, kojima je ova i ovakva vlast oduzela penzije i dovela ih na ivicu siroma\u0161tva, kako poni\u017eeni i oduzetog dostojanstva \u0107ute i trpe slikanje i snimanje kojim \u0107e se Palma posle hvalisati, zapravo je slika ne samo Jagodine, ve\u0107 i \u010ditave Srbije&#8221;, saop\u0161tila je Nova stranka.<\/p>\n<p>Ta stranka je pozvala Jagodince da ustanu u odbranu svojih elementarnih ljudskih prava i dostojanstva koje niko nema prava da im oduzme.<\/p>\n<p>&#8220;Zajedno \u0107emo nastaviti borbu za okon\u010danje re\u017eima koji nas ve\u0107 skoro osam godina napredno vu\u010de na dno, za povratak dr\u017eave na put modernih, evropskih zemalja 21. veka, u kojoj \u0107e broj socijalno ugro\u017eenih biti sveden na minimum, a oni kojima je pomo\u0107 potrebna ne\u0107e bili marioneta u ne\u010dijoj bednoj politi\u010dkoj kampanji&#8221;, navedeno je u saop\u0161tenju.<\/p>\n<p>Da podsetimo Nova stranka je na pro\u0161lim lokalnim izborima podr\u017eala koaliciji sa DS, LDP, SPO i ZZS. Nisu uspeli da pre\u0111u cenzus i osvoje odborni\u010dke mandate, prvi put posle 25 godina od uvo\u0111enja vi\u0161estrana\u010dja ,,opozicija&#8221; je izgubila svog predstavnika u jagodinskom parlamentu. Deo te koalicije je preuzeo odgovornost za jedno javno preduze\u0107e, deo je zaposlen u javnom sektoru&#8230;na taj na\u010din su postali deo koalicije na vlasti u Jagodini koju \u010dine JS-SPS i SNS. Tim povodom se \u010dlanice te koalicije nisu ogla\u0161avale.<\/p>\n","protected":false},"excerpt":{"rendered":"<p>JAGODINA- Gradski odbor Nove stranke Jagodina upozorio je vrh lokalne vlasti &#8220;da pod hitno okon\u010da napredno poni\u017eavanje gra\u0111ana koji su, suo\u010deni sa besparicom i krpljenjem &hellip; <\/p>\n","protected":false},"author":2,"featured_media":6202,"comment_status":"open","ping_status":"open","sticky":false,"template":"","format":"standard","meta":{"footnotes":""},"categories":[1524,2,1514,13,12],"tags":[58,299,4300],"_links":{"self":[{"href":"https:\/\/centralmedia.rs\/index.php\/wp-json\/wp\/v2\/posts\/21847"}],"collection":[{"href":"https:\/\/centralmedia.rs\/index.php\/wp-json\/wp\/v2\/posts"}],"about":[{"href":"https:\/\/centralmedia.rs\/index.php\/wp-json\/wp\/v2\/types\/post"}],"author":[{"embeddable":true,"href":"https:\/\/centralmedia.rs\/index.php\/wp-json\/wp\/v2\/users\/2"}],"replies":[{"embeddable":true,"href":"https:\/\/centralmedia.rs\/index.php\/wp-json\/wp\/v2\/comments?post=21847"}],"version-history":[{"count":3,"href":"https:\/\/centralmedia.rs\/index.php\/wp-json\/wp\/v2\/posts\/21847\/revisions"}],"predecessor-version":[{"id":21850,"href":"https:\/\/centralmedia.rs\/index.php\/wp-json\/wp\/v2\/posts\/21847\/revisions\/21850"}],"wp:featuredmedia":[{"embeddable":true,"href":"https:\/\/centralmedia.rs\/index.php\/wp-json\/wp\/v2\/media\/6202"}],"wp:attachment":[{"href":"https:\/\/centralmedia.rs\/index.php\/wp-json\/wp\/v2\/media?parent=21847"}],"wp:term":[{"taxonomy":"category","embeddable":true,"href":"https:\/\/centralmedia.rs\/index.php\/wp-json\/wp\/v2\/categories?post=21847"},{"taxonomy":"post_tag","embeddable":true,"href":"https:\/\/centralmedia.rs\/index.php\/wp-json\/wp\/v2\/tags?post=21847"}],"curies":[{"name":"wp","href":"https:\/\/api.w.org\/{rel}","templated":true}]}}