{"id":2185,"date":"2016-02-23T21:46:59","date_gmt":"2016-02-23T21:46:59","guid":{"rendered":"http:\/\/centralmedia.rs\/?p=2185"},"modified":"2016-02-23T21:46:59","modified_gmt":"2016-02-23T21:46:59","slug":"sahranjeni-supruznici-u-rakitovu","status":"publish","type":"post","link":"https:\/\/centralmedia.rs\/index.php\/2016\/02\/23\/sahranjeni-supruznici-u-rakitovu\/","title":{"rendered":"SAHRANJENI SUPRU\u017dNICI U RAKITOVU"},"content":{"rendered":"<p>JAGODINA- Tragi\u010dna smrt supru\u017enika Marije Agatonovi\u0107 (23) i Slavi\u0161e Vasi\u0107a (30) iz Jagodine poginulih u saobra\u0107ajnoj nesre\u0107i na regionalnom putu Kragujevac \u2013Jagodina kod Dragocveta zavila je u crno dve porodice, ali i dva sela Rakitovo i \u0160uljkovac. Supru\u017enici su danas sahranjeni u porodi\u010dnoj grobnici u Rakitovu, a nepregledna kolona me\u0161tana oba sela tiskala se i uplakano jecala nad tu\u017enom sudbinom i izgubljena dva mlada \u017eivota.<br \/>\n\t-Majo, Slavi\u0161a, za\u0161to ste me ostavili samu, jacala je tu\u017eno Slavi\u0161ina majka Vlajinka.<br \/>\nMarijin deda po majci Prvoslav Petronijevi\u0107, koji im je dao ku\u0107u da stanuju u Jagodini ostao bez re\u010di, mnogo ih voleo oboje, \u017eeleo je da budu sre\u0107ni, pomagao.<a href=\"https:\/\/centralmedia.rs\/wp-content\/uploads\/2016\/02\/sahrana-jagodina-g.j..jpg\" rel=\"attachment wp-att-2187\"><img loading=\"lazy\" decoding=\"async\" src=\"https:\/\/centralmedia.rs\/wp-content\/uploads\/2016\/02\/sahrana-jagodina-g.j.-300x231.jpg\" alt=\"sahrana-jagodina-g.j.\" width=\"300\" height=\"231\" class=\"alignnone size-medium wp-image-2187\" srcset=\"https:\/\/centralmedia.rs\/wp-content\/uploads\/2016\/02\/sahrana-jagodina-g.j.-300x231.jpg 300w, https:\/\/centralmedia.rs\/wp-content\/uploads\/2016\/02\/sahrana-jagodina-g.j.-768x591.jpg 768w, https:\/\/centralmedia.rs\/wp-content\/uploads\/2016\/02\/sahrana-jagodina-g.j..jpg 900w\" sizes=\"(max-width: 300px) 100vw, 300px\" \/><\/a><br \/>\n\t-Velika tragedija nas je zadesila, ne mogu da \u017eivim od bola, ali zbog troje dece moramo svi da pomognemo. Najbolje da deca budu kod bake Vlajinke, pri\u010dao je on suznih o\u010diju.<br \/>\nPitanje odrastanja i budu\u0107nosti  troje maloletne dece Anastasije (5), Nenada (3) i \u010detrnaestomese\u010dnog Nemanje, koji su ostali iza Marije i Slavi\u0161e, u ovom trenutku najvi\u0161e brine obe porodice.<br \/>\n\t-Na\u0161a sestra Vlajinka se izjasnila da \u017eeli da ih \u010duva i mi \u0107emo joj pomo\u0107i u tome. Njoj je potrebno da ima pomo\u0107 jo\u0161 jedne mla\u0111e \u017eene, jer je ipak re\u010d o troje male dece. Va\u017eno je da se deca ne razdvajaju, da budu u jednoj ili drugoj porodici. Pomo\u0107i \u0107e cela familija, va\u017eno je da deca znaju da nisu sama, pri\u010da  Radovan Stojkovi\u0107 ujak pokojnog Slavi\u0161e.<br \/>\nVlajinka nema stalna i sigurna primanja, tako da \u0107e, ukoliko joj deca budu poverena na hraniteljstvo, pomo\u0107 biti potrebna. <figure id=\"attachment_2188\" aria-describedby=\"caption-attachment-2188\" style=\"width: 300px\" class=\"wp-caption alignnone\"><a href=\"https:\/\/centralmedia.rs\/wp-content\/uploads\/2016\/02\/ujaci-radovan-i-milovan-stojkovic-jagodina-g.j..jpg\" rel=\"attachment wp-att-2188\"><img loading=\"lazy\" decoding=\"async\" src=\"https:\/\/centralmedia.rs\/wp-content\/uploads\/2016\/02\/ujaci-radovan-i-milovan-stojkovic-jagodina-g.j.-300x225.jpg\" alt=\"Ujaci Radovan i Milovan Stojkovi\u0107\" width=\"300\" height=\"225\" class=\"size-medium wp-image-2188\" srcset=\"https:\/\/centralmedia.rs\/wp-content\/uploads\/2016\/02\/ujaci-radovan-i-milovan-stojkovic-jagodina-g.j.-300x225.jpg 300w, https:\/\/centralmedia.rs\/wp-content\/uploads\/2016\/02\/ujaci-radovan-i-milovan-stojkovic-jagodina-g.j.-768x576.jpg 768w, https:\/\/centralmedia.rs\/wp-content\/uploads\/2016\/02\/ujaci-radovan-i-milovan-stojkovic-jagodina-g.j.-80x60.jpg 80w, https:\/\/centralmedia.rs\/wp-content\/uploads\/2016\/02\/ujaci-radovan-i-milovan-stojkovic-jagodina-g.j.-265x198.jpg 265w, https:\/\/centralmedia.rs\/wp-content\/uploads\/2016\/02\/ujaci-radovan-i-milovan-stojkovic-jagodina-g.j..jpg 900w\" sizes=\"(max-width: 300px) 100vw, 300px\" \/><\/a><figcaption id=\"caption-attachment-2188\" class=\"wp-caption-text\">Ujaci Radovan i Milovan Stojkovi\u0107<\/figcaption><\/figure><br \/>\n-Voleli bi da Vlajinka \u010duva decu, da joj se odredi osoba za pomo\u0107 , a familija bi joj pomagala. \u017delimo da sa\u010duvamo ovaj dom od ga\u0161enja. Vlajinka je sada u \u0161oku zbog svega \u0161to se dogodilo, ali tu smo da joj pomognemo, ka\u017ee Milovan Stojkovi\u0107 drugi ujak pokojnog Slavi\u0161e.<br \/>\nPorodice ka\u017eu da se deca dobro oporavljaju u bolnicama u Kragujevcu i Beogradu, kao i da pre njihovog dolaska moraju da se re\u0161e pitanja oko starateljstva i brige za decu.   <\/p>\n","protected":false},"excerpt":{"rendered":"<p>JAGODINA- Tragi\u010dna smrt supru\u017enika Marije Agatonovi\u0107 (23) i Slavi\u0161e Vasi\u0107a (30) iz Jagodine poginulih u saobra\u0107ajnoj nesre\u0107i na regionalnom putu Kragujevac \u2013Jagodina kod Dragocveta zavila &hellip; <\/p>\n","protected":false},"author":4,"featured_media":2186,"comment_status":"open","ping_status":"open","sticky":false,"template":"","format":"standard","meta":{"footnotes":""},"categories":[20,2,12],"tags":[58,561,560],"_links":{"self":[{"href":"https:\/\/centralmedia.rs\/index.php\/wp-json\/wp\/v2\/posts\/2185"}],"collection":[{"href":"https:\/\/centralmedia.rs\/index.php\/wp-json\/wp\/v2\/posts"}],"about":[{"href":"https:\/\/centralmedia.rs\/index.php\/wp-json\/wp\/v2\/types\/post"}],"author":[{"embeddable":true,"href":"https:\/\/centralmedia.rs\/index.php\/wp-json\/wp\/v2\/users\/4"}],"replies":[{"embeddable":true,"href":"https:\/\/centralmedia.rs\/index.php\/wp-json\/wp\/v2\/comments?post=2185"}],"version-history":[{"count":0,"href":"https:\/\/centralmedia.rs\/index.php\/wp-json\/wp\/v2\/posts\/2185\/revisions"}],"wp:featuredmedia":[{"embeddable":true,"href":"https:\/\/centralmedia.rs\/index.php\/wp-json\/wp\/v2\/media\/2186"}],"wp:attachment":[{"href":"https:\/\/centralmedia.rs\/index.php\/wp-json\/wp\/v2\/media?parent=2185"}],"wp:term":[{"taxonomy":"category","embeddable":true,"href":"https:\/\/centralmedia.rs\/index.php\/wp-json\/wp\/v2\/categories?post=2185"},{"taxonomy":"post_tag","embeddable":true,"href":"https:\/\/centralmedia.rs\/index.php\/wp-json\/wp\/v2\/tags?post=2185"}],"curies":[{"name":"wp","href":"https:\/\/api.w.org\/{rel}","templated":true}]}}