{"id":21858,"date":"2019-12-23T00:11:21","date_gmt":"2019-12-23T00:11:21","guid":{"rendered":"http:\/\/centralmedia.rs\/?p=21858"},"modified":"2019-12-26T10:44:44","modified_gmt":"2019-12-26T10:44:44","slug":"unapredenje-vodosnabdevanja-paracina-radovi-duplo-brzi-od-roka","status":"publish","type":"post","link":"https:\/\/centralmedia.rs\/index.php\/2019\/12\/23\/unapredenje-vodosnabdevanja-paracina-radovi-duplo-brzi-od-roka\/","title":{"rendered":"UNAPRE\u0110ENJE VODOSNABDEVANJA PARA\u0106INA &#8211; RADOVI DUPLO BR\u017dI OD ROKA"},"content":{"rendered":"<p>PARA\u0106IN- Projekat Unapre\u0111enja vodosnabdevanja Para\u0107ina, koji se realizuje u saradnji sa Nema\u010dkom razvojnom bankom, realizuje se duplo br\u017ee od roka, izjavio je direktor JP Vodovod Neboj\u0161a Simi\u0107 i dodao da \u0107e zavr\u0161etkom ove investicije ta op\u0161tina imati pouzdano vodosnabdevanje narednih nekoliko decenija. Investicija je vredna 3,45 miliona evra, bez pove\u0107anja cene vode bi\u0107e vra\u0107an kredit.<\/p>\n<p>-Glavni deo projekta je zamena glavnog cevovoda iz pravca Izvora prema Kara\u0111or\u0111evom brdu u du\u017eini od 9,7 kilometra. Do sada je polo\u017eeno preko 4 kilometra cevi i o\u010dekujemo zavr\u0161etak za 5,6 meseci, do kraja maja. Rok je 18 meseci, odnosno februar 2021. godine. \u00a0Izvo\u0111a\u010d radova bez prekida nastavlja sa radom, sem praznika, rekao je Simi\u0107.<\/p>\n<div id='gallery-1' class='gallery galleryid-21858 gallery-columns-3 gallery-size-thumbnail'><figure class='gallery-item'>\n\t\t\t<div class='gallery-icon portrait'>\n\t\t\t\t<a href='https:\/\/centralmedia.rs\/index.php\/2019\/12\/23\/unapredenje-vodosnabdevanja-paracina-radovi-duplo-brzi-od-roka\/vodovod-9\/'><img loading=\"lazy\" decoding=\"async\" width=\"150\" height=\"150\" src=\"https:\/\/centralmedia.rs\/wp-content\/uploads\/2019\/12\/vodovod-150x150.jpg\" class=\"attachment-thumbnail size-thumbnail\" alt=\"\" \/><\/a>\n\t\t\t<\/div><\/figure><figure class='gallery-item'>\n\t\t\t<div class='gallery-icon portrait'>\n\t\t\t\t<a href='https:\/\/centralmedia.rs\/index.php\/2019\/12\/23\/unapredenje-vodosnabdevanja-paracina-radovi-duplo-brzi-od-roka\/vodovod2-4\/'><img loading=\"lazy\" decoding=\"async\" width=\"150\" height=\"150\" src=\"https:\/\/centralmedia.rs\/wp-content\/uploads\/2019\/12\/vodovod2-150x150.jpg\" class=\"attachment-thumbnail size-thumbnail\" alt=\"\" \/><\/a>\n\t\t\t<\/div><\/figure><figure class='gallery-item'>\n\t\t\t<div class='gallery-icon landscape'>\n\t\t\t\t<a href='https:\/\/centralmedia.rs\/index.php\/2019\/12\/23\/unapredenje-vodosnabdevanja-paracina-radovi-duplo-brzi-od-roka\/vodovod1-3\/'><img loading=\"lazy\" decoding=\"async\" width=\"150\" height=\"150\" src=\"https:\/\/centralmedia.rs\/wp-content\/uploads\/2019\/12\/vodovod1-150x150.jpg\" class=\"attachment-thumbnail size-thumbnail\" alt=\"\" \/><\/a>\n\t\t\t<\/div><\/figure>\n\t\t<\/div>\n\n<p>Ostali delovi projekta privode se kraju, po\u010deli su radovi na cevovodu od bunara u Gorunju do rezervoara u Kara\u0111or\u0111evom brdu.<\/p>\n<p>-Posle zavr\u0161etka tih radova mo\u0107i\u0107emo da, kada je potro\u0161nja manja u toku no\u0107i, vodu da transportujemo do rezervoara i na taj na\u010din da zna\u010dajno unapredimo sistem vodosnabdevanja. Cevovod i pumpna stanica bi\u0107e zavr\u0161eni za mesec dana, potvrdio je on.<\/p>\n<p>U tom projektu je i realizacija Skada sistema, upravljanja vodovodnim sitemom, i toku je nabavka, kao i izgradnja jo\u0161 dva bunara.<\/p>\n<p>&#8211; Dva bunara su izbu\u0161eni i o\u010dekuje se opremanje, a ostaje jo\u0161 dva da se budu izgra\u0111eni kada budu re\u0161eni imovinski odnosi. Do polovine slede\u0107e godine o\u010dekujemo kompletan zavr\u0161etak projekta, najavio je Simi\u0107.<\/p>\n<p>Isporu\u010den je materijal za zamenu vodovodne mre\u017ee u ulicama i potrebno je uskla\u0111ivanje radova na rekonstrukciji mre\u017ee sa lokalnom Upravom za investcije koja \u0107e ih posle toga asfaltirati. U planu je jo\u0161 5 ulica za zamenu vodovodne mre\u017ee, do sada je taj posao obavljen u 4 ulice.<\/p>\n<p>&#8211; Posao zamene sekundarne mre\u017ee u gradu potraja\u0107e narednih desetak godina. JP Vodovod je nabavio iz kredita kamion kiper i kombinovanu ma\u0161inu. Smanjenjem gubitaka u mre\u017ei i sa novim bunarima dobi\u0107emo 60 litara u sekundi, a pre je kapacitet bio 116 litara, precizirao je Simi\u0107.<\/p>\n","protected":false},"excerpt":{"rendered":"<p>PARA\u0106IN- Projekat Unapre\u0111enja vodosnabdevanja Para\u0107ina, koji se realizuje u saradnji sa Nema\u010dkom razvojnom bankom, realizuje se duplo br\u017ee od roka, izjavio je direktor JP Vodovod &hellip; <\/p>\n","protected":false},"author":2,"featured_media":21859,"comment_status":"open","ping_status":"open","sticky":false,"template":"","format":"standard","meta":{"footnotes":""},"categories":[1524,2,1516,887,16,12],"tags":[4169,156,1122],"_links":{"self":[{"href":"https:\/\/centralmedia.rs\/index.php\/wp-json\/wp\/v2\/posts\/21858"}],"collection":[{"href":"https:\/\/centralmedia.rs\/index.php\/wp-json\/wp\/v2\/posts"}],"about":[{"href":"https:\/\/centralmedia.rs\/index.php\/wp-json\/wp\/v2\/types\/post"}],"author":[{"embeddable":true,"href":"https:\/\/centralmedia.rs\/index.php\/wp-json\/wp\/v2\/users\/2"}],"replies":[{"embeddable":true,"href":"https:\/\/centralmedia.rs\/index.php\/wp-json\/wp\/v2\/comments?post=21858"}],"version-history":[{"count":1,"href":"https:\/\/centralmedia.rs\/index.php\/wp-json\/wp\/v2\/posts\/21858\/revisions"}],"predecessor-version":[{"id":21862,"href":"https:\/\/centralmedia.rs\/index.php\/wp-json\/wp\/v2\/posts\/21858\/revisions\/21862"}],"wp:featuredmedia":[{"embeddable":true,"href":"https:\/\/centralmedia.rs\/index.php\/wp-json\/wp\/v2\/media\/21859"}],"wp:attachment":[{"href":"https:\/\/centralmedia.rs\/index.php\/wp-json\/wp\/v2\/media?parent=21858"}],"wp:term":[{"taxonomy":"category","embeddable":true,"href":"https:\/\/centralmedia.rs\/index.php\/wp-json\/wp\/v2\/categories?post=21858"},{"taxonomy":"post_tag","embeddable":true,"href":"https:\/\/centralmedia.rs\/index.php\/wp-json\/wp\/v2\/tags?post=21858"}],"curies":[{"name":"wp","href":"https:\/\/api.w.org\/{rel}","templated":true}]}}