{"id":21863,"date":"2019-12-23T14:42:52","date_gmt":"2019-12-23T14:42:52","guid":{"rendered":"http:\/\/centralmedia.rs\/?p=21863"},"modified":"2019-12-26T10:44:51","modified_gmt":"2019-12-26T10:44:51","slug":"turisticka-organizacija-paracina-povecan-broj-nocenja-za-10-000-u-2019","status":"publish","type":"post","link":"https:\/\/centralmedia.rs\/index.php\/2019\/12\/23\/turisticka-organizacija-paracina-povecan-broj-nocenja-za-10-000-u-2019\/","title":{"rendered":"TURISTI\u010cKA ORGANIZACIJA PARA\u0106INA &#8211; POVE\u0106AN BROJ NO\u0106ENjA ZA 10.000 U 2019."},"content":{"rendered":"<p>PARA\u0106IN- Turisti\u010dka organizacija op\u0161tine Para\u0107in u 2019. godini zabele\u017eila je 10.000 no\u0107enja vi\u0161e nego 2016. Obavljeno je preseljenje u nove prostorije u centru grada koje su opremljene sredstvima Ministarstva trgovine, turizma i telekomunikacija kao i sredstvima op\u0161tine Para\u0107in.<\/p>\n<p>-U novom Turisti\u010dko informativnom centru, turistima su na raspolaganju najsavremeniji elektronski informativni paneli \u0161to omogu\u0107ava intenzivnije digitalno predstavljanje i \u0161ansu da se \u0161to bolje predstavimo mla\u0111im turistima, a sve ostale prostorije opremljene su novim name\u0161tajem i modernom tehnikom. U narednom periodu stavi\u0107emo akcenat na digitalno predstavljanje jer 70 odsto turista odlu\u010dilo da poseti Srbiju zahvaljuju\u0107i online objavama i dru\u0161tvenim mre\u017eama, isti\u010de direktor TO Aljo\u0161a Gligorijevi\u0107.<\/p>\n<div id='gallery-1' class='gallery galleryid-21863 gallery-columns-5 gallery-size-thumbnail'><figure class='gallery-item'>\n\t\t\t<div class='gallery-icon landscape'>\n\t\t\t\t<a href='https:\/\/centralmedia.rs\/index.php\/2019\/12\/23\/turisticka-organizacija-paracina-povecan-broj-nocenja-za-10-000-u-2019\/drenovac-2\/'><img loading=\"lazy\" decoding=\"async\" width=\"150\" height=\"150\" src=\"https:\/\/centralmedia.rs\/wp-content\/uploads\/2019\/12\/Drenovac-150x150.jpg\" class=\"attachment-thumbnail size-thumbnail\" alt=\"\" \/><\/a>\n\t\t\t<\/div><\/figure><figure class='gallery-item'>\n\t\t\t<div class='gallery-icon landscape'>\n\t\t\t\t<a href='https:\/\/centralmedia.rs\/index.php\/2019\/12\/23\/turisticka-organizacija-paracina-povecan-broj-nocenja-za-10-000-u-2019\/grza-4\/'><img loading=\"lazy\" decoding=\"async\" width=\"150\" height=\"150\" src=\"https:\/\/centralmedia.rs\/wp-content\/uploads\/2019\/12\/grza-150x150.jpg\" class=\"attachment-thumbnail size-thumbnail\" alt=\"\" \/><\/a>\n\t\t\t<\/div><\/figure><figure class='gallery-item'>\n\t\t\t<div class='gallery-icon landscape'>\n\t\t\t\t<a href='https:\/\/centralmedia.rs\/index.php\/2019\/12\/23\/turisticka-organizacija-paracina-povecan-broj-nocenja-za-10-000-u-2019\/manastiri\/'><img loading=\"lazy\" decoding=\"async\" width=\"150\" height=\"150\" src=\"https:\/\/centralmedia.rs\/wp-content\/uploads\/2019\/12\/manastiri-150x150.jpg\" class=\"attachment-thumbnail size-thumbnail\" alt=\"\" \/><\/a>\n\t\t\t<\/div><\/figure><figure class='gallery-item'>\n\t\t\t<div class='gallery-icon landscape'>\n\t\t\t\t<a href='https:\/\/centralmedia.rs\/index.php\/2019\/12\/23\/turisticka-organizacija-paracina-povecan-broj-nocenja-za-10-000-u-2019\/paracin-18\/'><img loading=\"lazy\" decoding=\"async\" width=\"150\" height=\"150\" src=\"https:\/\/centralmedia.rs\/wp-content\/uploads\/2019\/12\/paracin-150x150.jpg\" class=\"attachment-thumbnail size-thumbnail\" alt=\"\" \/><\/a>\n\t\t\t<\/div><\/figure><figure class='gallery-item'>\n\t\t\t<div class='gallery-icon landscape'>\n\t\t\t\t<a href='https:\/\/centralmedia.rs\/index.php\/2019\/12\/23\/turisticka-organizacija-paracina-povecan-broj-nocenja-za-10-000-u-2019\/sisevac-2\/'><img loading=\"lazy\" decoding=\"async\" width=\"150\" height=\"150\" src=\"https:\/\/centralmedia.rs\/wp-content\/uploads\/2019\/12\/sisevac-150x150.jpg\" class=\"attachment-thumbnail size-thumbnail\" alt=\"\" \/><\/a>\n\t\t\t<\/div><\/figure>\n\t\t<\/div>\n\n<p>Ove godine TO Para\u0107in, u\u010destvovala je i na velikom i presti\u017enom Medjunarodnom sajmu turizma u Var\u0161avi, \u0161to je i prvo predstavljanje turisti\u010dkih potencijala op\u0161tine Para\u0107in u inostranstvu i na poljskom tr\u017ei\u0161tu.<\/p>\n<p>-Prave efekte ovog sajamskog nastupa o\u010dekujemo ve\u0107 u martu slede\u0107e godine, jer su najavljeni grupni dolasci turisti\u010dkih grupa iz Poljske i Bugarske na Salon vina koji je zakazan za 7. mart 2020. godine. O radu Turisti\u010dke organizacije op\u0161tine Para\u0107in merodavno svedo\u010de i statisti\u010dki podaci. Broj registrovanih no\u0107enja svake godine je sve ve\u0107i i ve\u0107i, te od 2016. godine do danas ostvaren je rast od 50 odsto, tako da ove godine broj ostvarenih no\u0107enja u Para\u0107inu prelazi broj od 20.000. Uvereni smo da \u0107e ovaj trend biti nastavljen i u godinama koje dolaze i da Para\u0107in definitivno postaje nezaobilazna turisti\u010dka destinacija u Srbiji. Ako pogledamo samo decembar mo\u017eemo videti da su svi sme\u0161tajni kapaciteti u Para\u0107inu popunjeni i to upravo gostima iz inostranstva koji \u0107e tokom novogodi\u0161njih praznika boraviti u Para\u0107inu, navodi Gligorijevi\u0107.<\/p>\n<p>Prirodne lepote para\u0107inskog kraja poput Grze i Sisevca, jedno od najinteresantnijih arheolo\u0161kih nalazi\u0161ta na centralnom Balkanu, lokalitet \u201eSlatina\u201c u Drenovcu kao i utvr\u0111enje \u201ePetrus\u201c, manastiri koji datiraju iz perioda od 12\/ 14. veka i kao takvi predstavljaju pisere arhitekture, brojne ustanove kulture, manifestacije i specifi\u010dne gastronomska ponuda ,para\u0107inski \u0107evap, vasina torta, pastrmka iz Grze i Sisevca, \u010dine Para\u0107in prepoznatljivim mestom \u010dak i na prostoru Zapadnog Balkana.<\/p>\n","protected":false},"excerpt":{"rendered":"<p>PARA\u0106IN- Turisti\u010dka organizacija op\u0161tine Para\u0107in u 2019. godini zabele\u017eila je 10.000 no\u0107enja vi\u0161e nego 2016. Obavljeno je preseljenje u nove prostorije u centru grada koje &hellip; <\/p>\n","protected":false},"author":2,"featured_media":21864,"comment_status":"open","ping_status":"open","sticky":false,"template":"","format":"standard","meta":{"footnotes":""},"categories":[1524,2,23,1516,887,3054],"tags":[156,3263],"_links":{"self":[{"href":"https:\/\/centralmedia.rs\/index.php\/wp-json\/wp\/v2\/posts\/21863"}],"collection":[{"href":"https:\/\/centralmedia.rs\/index.php\/wp-json\/wp\/v2\/posts"}],"about":[{"href":"https:\/\/centralmedia.rs\/index.php\/wp-json\/wp\/v2\/types\/post"}],"author":[{"embeddable":true,"href":"https:\/\/centralmedia.rs\/index.php\/wp-json\/wp\/v2\/users\/2"}],"replies":[{"embeddable":true,"href":"https:\/\/centralmedia.rs\/index.php\/wp-json\/wp\/v2\/comments?post=21863"}],"version-history":[{"count":1,"href":"https:\/\/centralmedia.rs\/index.php\/wp-json\/wp\/v2\/posts\/21863\/revisions"}],"predecessor-version":[{"id":21869,"href":"https:\/\/centralmedia.rs\/index.php\/wp-json\/wp\/v2\/posts\/21863\/revisions\/21869"}],"wp:featuredmedia":[{"embeddable":true,"href":"https:\/\/centralmedia.rs\/index.php\/wp-json\/wp\/v2\/media\/21864"}],"wp:attachment":[{"href":"https:\/\/centralmedia.rs\/index.php\/wp-json\/wp\/v2\/media?parent=21863"}],"wp:term":[{"taxonomy":"category","embeddable":true,"href":"https:\/\/centralmedia.rs\/index.php\/wp-json\/wp\/v2\/categories?post=21863"},{"taxonomy":"post_tag","embeddable":true,"href":"https:\/\/centralmedia.rs\/index.php\/wp-json\/wp\/v2\/tags?post=21863"}],"curies":[{"name":"wp","href":"https:\/\/api.w.org\/{rel}","templated":true}]}}