{"id":21890,"date":"2019-12-24T16:32:10","date_gmt":"2019-12-24T16:32:10","guid":{"rendered":"http:\/\/centralmedia.rs\/?p=21890"},"modified":"2020-01-22T15:21:38","modified_gmt":"2020-01-22T15:21:38","slug":"opstina-paracin-uputila-inicijativu-zeleznica-i-vlada-grade-podvoznjak-u-dankovu","status":"publish","type":"post","link":"https:\/\/centralmedia.rs\/index.php\/2019\/12\/24\/opstina-paracin-uputila-inicijativu-zeleznica-i-vlada-grade-podvoznjak-u-dankovu\/","title":{"rendered":"OP\u0160TINA PARA\u0106IN UPUTILA INICIJATIVU &#8211; \u017dELEZNICA I VLADA GRADE PODVO\u017dNjAK U DANKOVU"},"content":{"rendered":"<p>PARA\u0106IN-Na inicijativu Op\u0161tine Para\u0107in za izgradnju podvo\u017enjaka u naselju Dankovo na prelazu \u00a0me\u0111unarodne \u017eelezni\u010dke pruge, potpredsednica Vlade Srbije i ministarka saobra\u0107aja, gra\u0111evine i infrastrukture \u00a0dr Zorana Mihajlovi\u0107 je odgovorila da ,,Infrastruktura \u017eeleznica Srbije&#8221; priprema plansku i projektno-tehni\u010dku dokumentaciju za rekonstrukciju pruge Velika Plana &#8211; Ni\u0161, te da je Idejnim projektom predvi\u0111ena izgradnja podvo\u017enjaka na lokaciji pru\u017enog prelaza u naselju Dankovo. Zavr\u0161etak projektovanja i dobijanja dozvole predvi\u0111en je za 2020. godinu. Posle toga, za izvi\u0111enje radova bi\u0107e aplicirano kod Evropske banke za obnovu i razvoj i \u00a0Investicionog okvira za zapadni Balkan za bespovratna sredstva.<\/p>\n","protected":false},"excerpt":{"rendered":"<p>PARA\u0106IN-Na inicijativu Op\u0161tine Para\u0107in za izgradnju podvo\u017enjaka u naselju Dankovo na prelazu \u00a0me\u0111unarodne \u017eelezni\u010dke pruge, potpredsednica Vlade Srbije i ministarka saobra\u0107aja, gra\u0111evine i infrastrukture \u00a0dr &hellip; <\/p>\n","protected":false},"author":2,"featured_media":4638,"comment_status":"open","ping_status":"open","sticky":false,"template":"","format":"standard","meta":{"footnotes":""},"categories":[22,1524,2,1516,887,12],"tags":[156,4308,1715],"_links":{"self":[{"href":"https:\/\/centralmedia.rs\/index.php\/wp-json\/wp\/v2\/posts\/21890"}],"collection":[{"href":"https:\/\/centralmedia.rs\/index.php\/wp-json\/wp\/v2\/posts"}],"about":[{"href":"https:\/\/centralmedia.rs\/index.php\/wp-json\/wp\/v2\/types\/post"}],"author":[{"embeddable":true,"href":"https:\/\/centralmedia.rs\/index.php\/wp-json\/wp\/v2\/users\/2"}],"replies":[{"embeddable":true,"href":"https:\/\/centralmedia.rs\/index.php\/wp-json\/wp\/v2\/comments?post=21890"}],"version-history":[{"count":1,"href":"https:\/\/centralmedia.rs\/index.php\/wp-json\/wp\/v2\/posts\/21890\/revisions"}],"predecessor-version":[{"id":21891,"href":"https:\/\/centralmedia.rs\/index.php\/wp-json\/wp\/v2\/posts\/21890\/revisions\/21891"}],"wp:featuredmedia":[{"embeddable":true,"href":"https:\/\/centralmedia.rs\/index.php\/wp-json\/wp\/v2\/media\/4638"}],"wp:attachment":[{"href":"https:\/\/centralmedia.rs\/index.php\/wp-json\/wp\/v2\/media?parent=21890"}],"wp:term":[{"taxonomy":"category","embeddable":true,"href":"https:\/\/centralmedia.rs\/index.php\/wp-json\/wp\/v2\/categories?post=21890"},{"taxonomy":"post_tag","embeddable":true,"href":"https:\/\/centralmedia.rs\/index.php\/wp-json\/wp\/v2\/tags?post=21890"}],"curies":[{"name":"wp","href":"https:\/\/api.w.org\/{rel}","templated":true}]}}