{"id":21895,"date":"2019-12-25T07:18:53","date_gmt":"2019-12-25T07:18:53","guid":{"rendered":"http:\/\/centralmedia.rs\/?p=21895"},"modified":"2020-01-22T15:21:51","modified_gmt":"2020-01-22T15:21:51","slug":"novogodisnji-prijem-u-svilajncu-jos-cetiri-strana-investitora","status":"publish","type":"post","link":"https:\/\/centralmedia.rs\/index.php\/2019\/12\/25\/novogodisnji-prijem-u-svilajncu-jos-cetiri-strana-investitora\/","title":{"rendered":"NOVOGODI\u0160NJI PRIJEM U SVILAJNCU &#8211; JO\u0160 \u010cETIRI STRANA INVESTITORA"},"content":{"rendered":"<p>SVILAJNAC- Op\u0161tina Svilajnac je realizovala mnoge investicije u 2019. godini kao u privredi, tako i infrastrukturi, rekao je na novogodi\u0161njem prijemu predsednik te op\u0161tine Predrag Milanovi\u0107 i precizirao da su rezultati zna\u010dajno bolji nego 2018. godine.<\/p>\n<p>&#8211; Za Svilajnac u narednom periodu idu bolji dani. Otvorili smo dve fabrike doma\u0107in Alfa tehniks i italijanski Ariston. Potpisali smo ugovore za \u010detiri nove investicije, u martu je otvaranje dve fabrike nema\u010dkih investitora, kao i dve investicije iz Slovenije i \u0160vajcarske u oblastima prerade mesa i elektronike i rasvete, najavio je Milanovi\u0107.<\/p>\n<p>On je istakao da je preduslov za nove investicije stru\u010dna radna snaga i u tom smislu bi\u0107e novih odeljenja u dualnom obrazovanju.<\/p>\n<p>&#8211; Ukoliko ne budemo spremni da \u0161kolujemo stru\u010dnu radnu snagu, onda investicije ne\u0107e biti realizovane planiranom dinamikom. Svilajnac nije zainteresovan da \u0161koluje jefitinu radnu snagu, ve\u0107 kvalitetne i dobro pla\u0107ene radnike. \u00a0Na\u0161a strategija je da gra\u0111ani ne dolaze iz drugih op\u0161tina samo da rade, \u0161to je sada slu\u010daj, ve\u0107 je krajnji cilj da ovde nastane sa porodicama. Na taj na\u010din obnovi\u0107emo stanovni\u0161tvo, zaklju\u010dio je on.<\/p>\n","protected":false},"excerpt":{"rendered":"<p>SVILAJNAC- Op\u0161tina Svilajnac je realizovala mnoge investicije u 2019. godini kao u privredi, tako i infrastrukturi, rekao je na novogodi\u0161njem prijemu predsednik te op\u0161tine Predrag &hellip; <\/p>\n","protected":false},"author":2,"featured_media":21896,"comment_status":"open","ping_status":"open","sticky":false,"template":"","format":"standard","meta":{"footnotes":""},"categories":[22,1524,2,887,12,1517],"tags":[4310,38],"_links":{"self":[{"href":"https:\/\/centralmedia.rs\/index.php\/wp-json\/wp\/v2\/posts\/21895"}],"collection":[{"href":"https:\/\/centralmedia.rs\/index.php\/wp-json\/wp\/v2\/posts"}],"about":[{"href":"https:\/\/centralmedia.rs\/index.php\/wp-json\/wp\/v2\/types\/post"}],"author":[{"embeddable":true,"href":"https:\/\/centralmedia.rs\/index.php\/wp-json\/wp\/v2\/users\/2"}],"replies":[{"embeddable":true,"href":"https:\/\/centralmedia.rs\/index.php\/wp-json\/wp\/v2\/comments?post=21895"}],"version-history":[{"count":1,"href":"https:\/\/centralmedia.rs\/index.php\/wp-json\/wp\/v2\/posts\/21895\/revisions"}],"predecessor-version":[{"id":21897,"href":"https:\/\/centralmedia.rs\/index.php\/wp-json\/wp\/v2\/posts\/21895\/revisions\/21897"}],"wp:featuredmedia":[{"embeddable":true,"href":"https:\/\/centralmedia.rs\/index.php\/wp-json\/wp\/v2\/media\/21896"}],"wp:attachment":[{"href":"https:\/\/centralmedia.rs\/index.php\/wp-json\/wp\/v2\/media?parent=21895"}],"wp:term":[{"taxonomy":"category","embeddable":true,"href":"https:\/\/centralmedia.rs\/index.php\/wp-json\/wp\/v2\/categories?post=21895"},{"taxonomy":"post_tag","embeddable":true,"href":"https:\/\/centralmedia.rs\/index.php\/wp-json\/wp\/v2\/tags?post=21895"}],"curies":[{"name":"wp","href":"https:\/\/api.w.org\/{rel}","templated":true}]}}