{"id":2190,"date":"2016-02-24T00:33:11","date_gmt":"2016-02-24T00:33:11","guid":{"rendered":"http:\/\/centralmedia.rs\/?p=2190"},"modified":"2016-02-24T00:33:11","modified_gmt":"2016-02-24T00:33:11","slug":"levica-srbije-revizija-juznog-toka","status":"publish","type":"post","link":"https:\/\/centralmedia.rs\/index.php\/2016\/02\/24\/levica-srbije-revizija-juznog-toka\/","title":{"rendered":"LEVICA SRBIJE \u2013 REVIZIJA JU\u017dNOG TOKA"},"content":{"rendered":"<p>SVILAJNAC-Lider Levice Srbije Borko izjavio je sino\u0107 u Svilajncu da se ta partija zala\u017ee za reviziju Energetskog sporazuma Rusija i Srbije u dogovoru sa Moskvom, zato \u0161to je izostala realizacija Ju\u017enog toka.<br \/>\n-To je bitan element tog sporazuma. Ne mislim da nekome ne\u0161to poklanjamo ili radimo na \u0161tetu Srbije. Ju\u017eni tok je probio rokove i evidentno je da ne\u0107e biti realizovan, to zna\u010dajno menja ceo sporazum. Mora neko da se osmeli i po\u010dne sa Rusima o tome da pri\u010da. Ne vidim da se u SNS-u utrkuju, oni samo gledaju da se slikaju sa Putinom. Nisu obezbedili izvoz automobila, niti bilo \u0161ta drugo \u0161to su obe\u0107ali, rekao je Stefanovi\u0107 u emisiji Usijanje TV Centar.<br \/>\nOn je dodao da je Ju\u017eni tok bio deo jedinstvenog energetskog paketa koji je Srbija dogovorila sa Ruskom Federacijom. Levica Srbije razgovara sa sindikatima i manjinskim partijama o zajedni\u010dkom nastupu na predstoje\u0107im parlamentarnim izborima.<br \/>\n-Levica Srbije se zala\u017ee na vra\u0107anje smanjenih plata i penzija, agrarnu reformu, amandman na Krivi\u010dni zakon da je strana\u010dko zapo\u0161ljavanje krivi\u010dno delo, pove\u0107anje poreza za najbogatije i preko 50 odsto, porez na luksuzne vile i bazene, istakao je Stefanovi\u0107.<br \/>\nPored toga, Levica Srbije zala\u017ee se za oporezovanje verskih zajednica pod jednakim uslovima.<br \/>\n\t-To podrazumeva pla\u0107anje PDV i poreza na imovinu na zgrade koje se ne koriste u verske svrhe, poput hotela, motela, vinarija, njiva, \u0161uma i luksuznih automobila. Protivimo se tome da sve\u0161tenici do\u0111u u ku\u0107u i naplate usluge prema svom naho\u0111enju i ne daju ra\u010dun za to, a posle imaju snage da pri\u010daju \u0161ta treba u dr\u017eavi da radimo.  Verske zajednice su deo dru\u0161tva i vrlo su uticajne, naveo je on.<br \/>\nStefanovi\u0107 se osvrnuo i na izborni zakon,te naglasio da se Levica Srbije zala\u017ee za ukidanje komunalne policije i lokalnih skup\u0161tina, odnosno da gra\u0111ani treba neposredno da biraju gradona\u010delnika i \u010dlanove gradskog ve\u0107a, tako\u0111e i na\u010delnika policije, op\u0161tinskog tu\u017eioca i bud\u017eetskog kontrolora, a oni ne smeju biti \u010dlanovi stranaka. <\/p>\n","protected":false},"excerpt":{"rendered":"<p>SVILAJNAC-Lider Levice Srbije Borko izjavio je sino\u0107 u Svilajncu da se ta partija zala\u017ee za reviziju Energetskog sporazuma Rusija i Srbije u dogovoru sa Moskvom, &hellip; <\/p>\n","protected":false},"author":4,"featured_media":2191,"comment_status":"open","ping_status":"open","sticky":false,"template":"","format":"standard","meta":{"footnotes":""},"categories":[2,13,12],"tags":[562,525,38],"_links":{"self":[{"href":"https:\/\/centralmedia.rs\/index.php\/wp-json\/wp\/v2\/posts\/2190"}],"collection":[{"href":"https:\/\/centralmedia.rs\/index.php\/wp-json\/wp\/v2\/posts"}],"about":[{"href":"https:\/\/centralmedia.rs\/index.php\/wp-json\/wp\/v2\/types\/post"}],"author":[{"embeddable":true,"href":"https:\/\/centralmedia.rs\/index.php\/wp-json\/wp\/v2\/users\/4"}],"replies":[{"embeddable":true,"href":"https:\/\/centralmedia.rs\/index.php\/wp-json\/wp\/v2\/comments?post=2190"}],"version-history":[{"count":0,"href":"https:\/\/centralmedia.rs\/index.php\/wp-json\/wp\/v2\/posts\/2190\/revisions"}],"wp:featuredmedia":[{"embeddable":true,"href":"https:\/\/centralmedia.rs\/index.php\/wp-json\/wp\/v2\/media\/2191"}],"wp:attachment":[{"href":"https:\/\/centralmedia.rs\/index.php\/wp-json\/wp\/v2\/media?parent=2190"}],"wp:term":[{"taxonomy":"category","embeddable":true,"href":"https:\/\/centralmedia.rs\/index.php\/wp-json\/wp\/v2\/categories?post=2190"},{"taxonomy":"post_tag","embeddable":true,"href":"https:\/\/centralmedia.rs\/index.php\/wp-json\/wp\/v2\/tags?post=2190"}],"curies":[{"name":"wp","href":"https:\/\/api.w.org\/{rel}","templated":true}]}}