{"id":21903,"date":"2019-12-26T10:39:14","date_gmt":"2019-12-26T10:39:14","guid":{"rendered":"http:\/\/centralmedia.rs\/?p=21903"},"modified":"2020-01-22T15:21:27","modified_gmt":"2020-01-22T15:21:27","slug":"saradnja-prirodnjackog-centra-sa-univerzitetom-umetnosti","status":"publish","type":"post","link":"https:\/\/centralmedia.rs\/index.php\/2019\/12\/26\/saradnja-prirodnjackog-centra-sa-univerzitetom-umetnosti\/","title":{"rendered":"SARADNJA PRIRODNJA\u010cKOG CENTRA SA UNIVERZITETOM UMETNOSTI"},"content":{"rendered":"<p>SVILAJNAC- Op\u0161tina Svilajnac i Prirodnja\u010dki Centar Srbije u Svilajncu, potpisali su Memorandum o saradnji sa Univerzitetom umetnosti u Beogradu. Cilj memoranduma je oboga\u0107ivanje kulturne ponude u op\u0161tini Svilajnac, decentralizacija kulture i motivacija mladih i drugih stvaralaca u Svilajncu da se bave kreativnim radom. Op\u0161tina Svilajnac prepoznata je zbog svojih kapaciteta i kulturnog potencijala kao odli\u010dan partner Univerzitetu umetnosti, izjavila je nakon potpisivanja memoranduma prorektor Univerziteta umetnosti dr Mirjana Nikoli\u0107 i podsetila na konkurs gradovi u fokusu Ministarstva kulture, na kojima je Svilajnac u\u010destvovao vi\u0161e puta. Prvi korak u okviru saradnje bi\u0107e realizacija internacionalne letnje umetni\u010dke \u0161kole naredne godine, na kojoj \u0107e u\u010destvovati 50. mladih umetnika iz celog sveta.<\/p>\n","protected":false},"excerpt":{"rendered":"<p>SVILAJNAC- Op\u0161tina Svilajnac i Prirodnja\u010dki Centar Srbije u Svilajncu, potpisali su Memorandum o saradnji sa Univerzitetom umetnosti u Beogradu. Cilj memoranduma je oboga\u0107ivanje kulturne ponude &hellip; <\/p>\n","protected":false},"author":2,"featured_media":21904,"comment_status":"open","ping_status":"open","sticky":false,"template":"","format":"standard","meta":{"footnotes":""},"categories":[1524,2,15,887,12,1517],"tags":[359,288,38,4311],"_links":{"self":[{"href":"https:\/\/centralmedia.rs\/index.php\/wp-json\/wp\/v2\/posts\/21903"}],"collection":[{"href":"https:\/\/centralmedia.rs\/index.php\/wp-json\/wp\/v2\/posts"}],"about":[{"href":"https:\/\/centralmedia.rs\/index.php\/wp-json\/wp\/v2\/types\/post"}],"author":[{"embeddable":true,"href":"https:\/\/centralmedia.rs\/index.php\/wp-json\/wp\/v2\/users\/2"}],"replies":[{"embeddable":true,"href":"https:\/\/centralmedia.rs\/index.php\/wp-json\/wp\/v2\/comments?post=21903"}],"version-history":[{"count":1,"href":"https:\/\/centralmedia.rs\/index.php\/wp-json\/wp\/v2\/posts\/21903\/revisions"}],"predecessor-version":[{"id":21905,"href":"https:\/\/centralmedia.rs\/index.php\/wp-json\/wp\/v2\/posts\/21903\/revisions\/21905"}],"wp:featuredmedia":[{"embeddable":true,"href":"https:\/\/centralmedia.rs\/index.php\/wp-json\/wp\/v2\/media\/21904"}],"wp:attachment":[{"href":"https:\/\/centralmedia.rs\/index.php\/wp-json\/wp\/v2\/media?parent=21903"}],"wp:term":[{"taxonomy":"category","embeddable":true,"href":"https:\/\/centralmedia.rs\/index.php\/wp-json\/wp\/v2\/categories?post=21903"},{"taxonomy":"post_tag","embeddable":true,"href":"https:\/\/centralmedia.rs\/index.php\/wp-json\/wp\/v2\/tags?post=21903"}],"curies":[{"name":"wp","href":"https:\/\/api.w.org\/{rel}","templated":true}]}}