{"id":21912,"date":"2019-12-26T15:47:10","date_gmt":"2019-12-26T15:47:10","guid":{"rendered":"http:\/\/centralmedia.rs\/?p=21912"},"modified":"2020-01-22T15:21:03","modified_gmt":"2020-01-22T15:21:03","slug":"novogodisnja-konferencija-za-novinare-u-paracinu-paunovic-uskoro-veci-problem-naci-bolje-placen-posao-nego-pronaci-posao","status":"publish","type":"post","link":"https:\/\/centralmedia.rs\/index.php\/2019\/12\/26\/novogodisnja-konferencija-za-novinare-u-paracinu-paunovic-uskoro-veci-problem-naci-bolje-placen-posao-nego-pronaci-posao\/","title":{"rendered":"NOVOGODI\u0160NJA KONFERENCIJA ZA NOVINARE U PARA\u0106INU &#8211; PAUNOVI\u0106: ,, USKORO VE\u0106I PROBLEM NA\u0106I BOLJE PLA\u0106EN POSAO, NEGO PRONA\u0106I POSAO&#8221;"},"content":{"rendered":"<p>PARA\u0106IN- Najva\u017enija vest od svih vesti je dolazak \u0161vedskog Rimastera u Para\u0107in i po\u010detak rada, kao i potpisivanje ugovora sa Op\u0161tinom, po\u010detak izgradnje Industrijskog parka, kao i njihova najava zapo\u0161ljavanja do 1.000 ljudi narednih godina, izjavio je na novogodi\u0161njoj konferenciji za novinar predsednik te op\u0161tine Sa\u0161a Paunovi\u0107.<\/p>\n<p>&#8211; Para\u0107in ima mnogo investicija malih i srednjih preduze\u0107a 80 investitora od zavr\u0161etka svetske ekonomske krize, 103 objekta za poslovanje i proizvodnju u povr\u0161ini od 76\u00a0 hiljada kvadrata, odnosno vi\u0161e nego SFS. U javnosti se,me\u0111urim, o\u010dekivao dolazak velikog stranog investitora. Ove godine se i to deslio, posle vi\u0161e godina pregovaranja sa raznim kompanijama. Imamo potpisan ugovor i na prole\u0107e kre\u0107u sa proizvodnjom u novoj hali koja se gradi. Novi po\u010detak za Para\u0107in i novo vreme sve nas, jer \u0107e biti ve\u0107i problem prona\u0107i posao sa boljom platom, nego prona\u0107i posao, naveo je Paunovi\u0107.<\/p>\n<div id='gallery-1' class='gallery galleryid-21912 gallery-columns-3 gallery-size-full'><figure class='gallery-item'>\n\t\t\t<div class='gallery-icon landscape'>\n\t\t\t\t<a href='https:\/\/centralmedia.rs\/index.php\/2019\/12\/26\/novogodisnja-konferencija-za-novinare-u-paracinu-paunovic-uskoro-veci-problem-naci-bolje-placen-posao-nego-pronaci-posao\/prijem-8\/'><img loading=\"lazy\" decoding=\"async\" width=\"1600\" height=\"778\" src=\"https:\/\/centralmedia.rs\/wp-content\/uploads\/2019\/12\/prijem-2.jpg\" class=\"attachment-full size-full\" alt=\"\" srcset=\"https:\/\/centralmedia.rs\/wp-content\/uploads\/2019\/12\/prijem-2.jpg 1600w, https:\/\/centralmedia.rs\/wp-content\/uploads\/2019\/12\/prijem-2-300x146.jpg 300w, https:\/\/centralmedia.rs\/wp-content\/uploads\/2019\/12\/prijem-2-768x373.jpg 768w, https:\/\/centralmedia.rs\/wp-content\/uploads\/2019\/12\/prijem-2-1024x498.jpg 1024w, https:\/\/centralmedia.rs\/wp-content\/uploads\/2019\/12\/prijem-2-864x420.jpg 864w, https:\/\/centralmedia.rs\/wp-content\/uploads\/2019\/12\/prijem-2-640x311.jpg 640w, https:\/\/centralmedia.rs\/wp-content\/uploads\/2019\/12\/prijem-2-681x331.jpg 681w\" sizes=\"(max-width: 1600px) 100vw, 1600px\" \/><\/a>\n\t\t\t<\/div><\/figure><figure class='gallery-item'>\n\t\t\t<div class='gallery-icon landscape'>\n\t\t\t\t<a href='https:\/\/centralmedia.rs\/index.php\/2019\/12\/26\/novogodisnja-konferencija-za-novinare-u-paracinu-paunovic-uskoro-veci-problem-naci-bolje-placen-posao-nego-pronaci-posao\/prijem1-3\/'><img loading=\"lazy\" decoding=\"async\" width=\"1600\" height=\"778\" src=\"https:\/\/centralmedia.rs\/wp-content\/uploads\/2019\/12\/prijem1-1.jpg\" class=\"attachment-full size-full\" alt=\"\" srcset=\"https:\/\/centralmedia.rs\/wp-content\/uploads\/2019\/12\/prijem1-1.jpg 1600w, https:\/\/centralmedia.rs\/wp-content\/uploads\/2019\/12\/prijem1-1-300x146.jpg 300w, https:\/\/centralmedia.rs\/wp-content\/uploads\/2019\/12\/prijem1-1-768x373.jpg 768w, https:\/\/centralmedia.rs\/wp-content\/uploads\/2019\/12\/prijem1-1-1024x498.jpg 1024w, https:\/\/centralmedia.rs\/wp-content\/uploads\/2019\/12\/prijem1-1-864x420.jpg 864w, https:\/\/centralmedia.rs\/wp-content\/uploads\/2019\/12\/prijem1-1-640x311.jpg 640w, https:\/\/centralmedia.rs\/wp-content\/uploads\/2019\/12\/prijem1-1-681x331.jpg 681w\" sizes=\"(max-width: 1600px) 100vw, 1600px\" \/><\/a>\n\t\t\t<\/div><\/figure><figure class='gallery-item'>\n\t\t\t<div class='gallery-icon landscape'>\n\t\t\t\t<a href='https:\/\/centralmedia.rs\/index.php\/2019\/12\/26\/novogodisnja-konferencija-za-novinare-u-paracinu-paunovic-uskoro-veci-problem-naci-bolje-placen-posao-nego-pronaci-posao\/prijem3-2\/'><img loading=\"lazy\" decoding=\"async\" width=\"1600\" height=\"778\" src=\"https:\/\/centralmedia.rs\/wp-content\/uploads\/2019\/12\/prijem3.jpg\" class=\"attachment-full size-full\" alt=\"\" srcset=\"https:\/\/centralmedia.rs\/wp-content\/uploads\/2019\/12\/prijem3.jpg 1600w, https:\/\/centralmedia.rs\/wp-content\/uploads\/2019\/12\/prijem3-300x146.jpg 300w, https:\/\/centralmedia.rs\/wp-content\/uploads\/2019\/12\/prijem3-768x373.jpg 768w, https:\/\/centralmedia.rs\/wp-content\/uploads\/2019\/12\/prijem3-1024x498.jpg 1024w, https:\/\/centralmedia.rs\/wp-content\/uploads\/2019\/12\/prijem3-864x420.jpg 864w, https:\/\/centralmedia.rs\/wp-content\/uploads\/2019\/12\/prijem3-640x311.jpg 640w, https:\/\/centralmedia.rs\/wp-content\/uploads\/2019\/12\/prijem3-681x331.jpg 681w\" sizes=\"(max-width: 1600px) 100vw, 1600px\" \/><\/a>\n\t\t\t<\/div><\/figure>\n\t\t<\/div>\n\n<p>On je nabrojao velike projekte koji se sprovode uz pomo\u0107 dr\u017eave ili me\u0111unarodnih organizacija, re\u010d je o investicijama vrednim 3 milijarde dinara u razli\u010ditim oblastima. \u00a0U izgradnji je novi sistem za vodosnabdevanje, \u00a0sistem za za\u0161titu od poplava, po\u010dinje rekonstrukcija javnih objekata.<\/p>\n<p>&#8211; To je apsolutni rekord kada je re\u010d o op\u0161tini Para\u0107in i projektima, a godina se smatra odli\u010dnom ako imamo da izdvojimo 300 miliona dinara za nove objekte infrastrukture. Dakle, 3 milijarde su veliki podsticaj za razvoj infrastrukture u Para\u0107inu. Re\u0161i\u0107emo velike, dugogodi\u0161nje probleme, istakao je Paunovi\u0107.<\/p>\n<p>Bele\u017ei se pad nezaposlenosti, koja je na nivou pre tranzicije, a sa novim investicijama zaposlenost \u0107e biti na niovu\u00a0sa po\u010detka devedesetih godina pro\u0161log veka.<\/p>\n<p>&nbsp;<\/p>\n","protected":false},"excerpt":{"rendered":"<p>PARA\u0106IN- Najva\u017enija vest od svih vesti je dolazak \u0161vedskog Rimastera u Para\u0107in i po\u010detak rada, kao i potpisivanje ugovora sa Op\u0161tinom, po\u010detak izgradnje Industrijskog parka, &hellip; <\/p>\n","protected":false},"author":2,"featured_media":21913,"comment_status":"open","ping_status":"open","sticky":false,"template":"","format":"standard","meta":{"footnotes":""},"categories":[1524,2,1516,13,887,12],"tags":[156,552],"_links":{"self":[{"href":"https:\/\/centralmedia.rs\/index.php\/wp-json\/wp\/v2\/posts\/21912"}],"collection":[{"href":"https:\/\/centralmedia.rs\/index.php\/wp-json\/wp\/v2\/posts"}],"about":[{"href":"https:\/\/centralmedia.rs\/index.php\/wp-json\/wp\/v2\/types\/post"}],"author":[{"embeddable":true,"href":"https:\/\/centralmedia.rs\/index.php\/wp-json\/wp\/v2\/users\/2"}],"replies":[{"embeddable":true,"href":"https:\/\/centralmedia.rs\/index.php\/wp-json\/wp\/v2\/comments?post=21912"}],"version-history":[{"count":1,"href":"https:\/\/centralmedia.rs\/index.php\/wp-json\/wp\/v2\/posts\/21912\/revisions"}],"predecessor-version":[{"id":21917,"href":"https:\/\/centralmedia.rs\/index.php\/wp-json\/wp\/v2\/posts\/21912\/revisions\/21917"}],"wp:featuredmedia":[{"embeddable":true,"href":"https:\/\/centralmedia.rs\/index.php\/wp-json\/wp\/v2\/media\/21913"}],"wp:attachment":[{"href":"https:\/\/centralmedia.rs\/index.php\/wp-json\/wp\/v2\/media?parent=21912"}],"wp:term":[{"taxonomy":"category","embeddable":true,"href":"https:\/\/centralmedia.rs\/index.php\/wp-json\/wp\/v2\/categories?post=21912"},{"taxonomy":"post_tag","embeddable":true,"href":"https:\/\/centralmedia.rs\/index.php\/wp-json\/wp\/v2\/tags?post=21912"}],"curies":[{"name":"wp","href":"https:\/\/api.w.org\/{rel}","templated":true}]}}