{"id":2193,"date":"2016-02-24T00:36:14","date_gmt":"2016-02-24T00:36:14","guid":{"rendered":"http:\/\/centralmedia.rs\/?p=2193"},"modified":"2016-02-24T00:36:14","modified_gmt":"2016-02-24T00:36:14","slug":"vucic-u-svilajncu","status":"publish","type":"post","link":"https:\/\/centralmedia.rs\/index.php\/2016\/02\/24\/vucic-u-svilajncu\/","title":{"rendered":"VU\u010cI\u0106 U SVILAJNCU"},"content":{"rendered":"<p>SVILAJNAC- Predsednik Vlade Srbije Aleksandar Vu\u010di\u0107  poseti\u0107e u sredu op\u0161tinu Svilajnac i obi\u0107i zgradu srednje ma\u0161inske \u0161kole na kojoj su u toku radovi na kompletnoj rekonstrukciji, izjavio je predsednik op\u0161tine Svilajnac Predrag Milanovi\u0107. Sredstva za rekonstrukciju \u0161kole su obezbe\u0111ena, a u\u010denici \u0107e dobiti i potpuno novu fiskulturnu salu.<\/p>\n","protected":false},"excerpt":{"rendered":"<p>SVILAJNAC- Predsednik Vlade Srbije Aleksandar Vu\u010di\u0107 poseti\u0107e u sredu op\u0161tinu Svilajnac i obi\u0107i zgradu srednje ma\u0161inske \u0161kole na kojoj su u toku radovi na kompletnoj &hellip; <\/p>\n","protected":false},"author":4,"featured_media":2194,"comment_status":"open","ping_status":"open","sticky":false,"template":"","format":"standard","meta":{"footnotes":""},"categories":[2,13,12],"tags":[497,563,63],"_links":{"self":[{"href":"https:\/\/centralmedia.rs\/index.php\/wp-json\/wp\/v2\/posts\/2193"}],"collection":[{"href":"https:\/\/centralmedia.rs\/index.php\/wp-json\/wp\/v2\/posts"}],"about":[{"href":"https:\/\/centralmedia.rs\/index.php\/wp-json\/wp\/v2\/types\/post"}],"author":[{"embeddable":true,"href":"https:\/\/centralmedia.rs\/index.php\/wp-json\/wp\/v2\/users\/4"}],"replies":[{"embeddable":true,"href":"https:\/\/centralmedia.rs\/index.php\/wp-json\/wp\/v2\/comments?post=2193"}],"version-history":[{"count":0,"href":"https:\/\/centralmedia.rs\/index.php\/wp-json\/wp\/v2\/posts\/2193\/revisions"}],"wp:featuredmedia":[{"embeddable":true,"href":"https:\/\/centralmedia.rs\/index.php\/wp-json\/wp\/v2\/media\/2194"}],"wp:attachment":[{"href":"https:\/\/centralmedia.rs\/index.php\/wp-json\/wp\/v2\/media?parent=2193"}],"wp:term":[{"taxonomy":"category","embeddable":true,"href":"https:\/\/centralmedia.rs\/index.php\/wp-json\/wp\/v2\/categories?post=2193"},{"taxonomy":"post_tag","embeddable":true,"href":"https:\/\/centralmedia.rs\/index.php\/wp-json\/wp\/v2\/tags?post=2193"}],"curies":[{"name":"wp","href":"https:\/\/api.w.org\/{rel}","templated":true}]}}