{"id":21933,"date":"2019-12-29T00:02:24","date_gmt":"2019-12-29T00:02:24","guid":{"rendered":"http:\/\/centralmedia.rs\/?p=21933"},"modified":"2019-12-31T18:03:16","modified_gmt":"2019-12-31T18:03:16","slug":"promocija-romana-deca-zla-sudije-miodraga-majica","status":"publish","type":"post","link":"https:\/\/centralmedia.rs\/index.php\/2019\/12\/29\/promocija-romana-deca-zla-sudije-miodraga-majica\/","title":{"rendered":"PROMOCIJA ROMANA ,,DECA ZLA&#8221; SUDIJE MIODRAGA MAJI\u0106A"},"content":{"rendered":"<p>PARA\u0106IN- Sudija Apelacionog suda u Beogradu Miodrag Maji\u0107 autor romana \u00a0,,Deca zla&#8221; predstavio je svoje knji\u017eevno delo u novom Kulturnom centru u Para\u0107inu i dva sata razgovarao sa sedamdesetak ljubitelja knjige iz Pomoravlja. Njegov roman do\u017eiveo je 16. izdanje. Sudija Maji\u0107 je strpljivo odgovarao na pitanja posetilaca promocije, ali na kraju je bilo ,,nezadovoljih&#8221; jer organizator nije obezbedio vi\u0161e primeraka romana, ve\u0107 samo 20, koje je sudija Maji\u0107 potpisivao.<\/p>\n<p><img loading=\"lazy\" decoding=\"async\" class=\"alignnone wp-image-21935 size-large\" src=\"http:\/\/centralmedia.rs\/wp-content\/uploads\/2019\/12\/majic-1024x498.jpg\" alt=\"\" width=\"640\" height=\"311\" srcset=\"https:\/\/centralmedia.rs\/wp-content\/uploads\/2019\/12\/majic-1024x498.jpg 1024w, https:\/\/centralmedia.rs\/wp-content\/uploads\/2019\/12\/majic-300x146.jpg 300w, https:\/\/centralmedia.rs\/wp-content\/uploads\/2019\/12\/majic-768x373.jpg 768w, https:\/\/centralmedia.rs\/wp-content\/uploads\/2019\/12\/majic-864x420.jpg 864w, https:\/\/centralmedia.rs\/wp-content\/uploads\/2019\/12\/majic-640x311.jpg 640w, https:\/\/centralmedia.rs\/wp-content\/uploads\/2019\/12\/majic-681x331.jpg 681w, https:\/\/centralmedia.rs\/wp-content\/uploads\/2019\/12\/majic.jpg 1600w\" sizes=\"(max-width: 640px) 100vw, 640px\" \/><\/p>\n","protected":false},"excerpt":{"rendered":"<p>PARA\u0106IN- Sudija Apelacionog suda u Beogradu Miodrag Maji\u0107 autor romana \u00a0,,Deca zla&#8221; predstavio je svoje knji\u017eevno delo u novom Kulturnom centru u Para\u0107inu i dva &hellip; <\/p>\n","protected":false},"author":2,"featured_media":21934,"comment_status":"open","ping_status":"open","sticky":false,"template":"","format":"standard","meta":{"footnotes":""},"categories":[1524,2,15,1516,887,12],"tags":[4316,4315,156],"_links":{"self":[{"href":"https:\/\/centralmedia.rs\/index.php\/wp-json\/wp\/v2\/posts\/21933"}],"collection":[{"href":"https:\/\/centralmedia.rs\/index.php\/wp-json\/wp\/v2\/posts"}],"about":[{"href":"https:\/\/centralmedia.rs\/index.php\/wp-json\/wp\/v2\/types\/post"}],"author":[{"embeddable":true,"href":"https:\/\/centralmedia.rs\/index.php\/wp-json\/wp\/v2\/users\/2"}],"replies":[{"embeddable":true,"href":"https:\/\/centralmedia.rs\/index.php\/wp-json\/wp\/v2\/comments?post=21933"}],"version-history":[{"count":1,"href":"https:\/\/centralmedia.rs\/index.php\/wp-json\/wp\/v2\/posts\/21933\/revisions"}],"predecessor-version":[{"id":21936,"href":"https:\/\/centralmedia.rs\/index.php\/wp-json\/wp\/v2\/posts\/21933\/revisions\/21936"}],"wp:featuredmedia":[{"embeddable":true,"href":"https:\/\/centralmedia.rs\/index.php\/wp-json\/wp\/v2\/media\/21934"}],"wp:attachment":[{"href":"https:\/\/centralmedia.rs\/index.php\/wp-json\/wp\/v2\/media?parent=21933"}],"wp:term":[{"taxonomy":"category","embeddable":true,"href":"https:\/\/centralmedia.rs\/index.php\/wp-json\/wp\/v2\/categories?post=21933"},{"taxonomy":"post_tag","embeddable":true,"href":"https:\/\/centralmedia.rs\/index.php\/wp-json\/wp\/v2\/tags?post=21933"}],"curies":[{"name":"wp","href":"https:\/\/api.w.org\/{rel}","templated":true}]}}