{"id":21948,"date":"2019-12-29T00:17:07","date_gmt":"2019-12-29T00:17:07","guid":{"rendered":"http:\/\/centralmedia.rs\/?p=21948"},"modified":"2019-12-31T18:03:35","modified_gmt":"2019-12-31T18:03:35","slug":"u-jagodini-obelezeno-800-godina-autokefalnosti-spc","status":"publish","type":"post","link":"https:\/\/centralmedia.rs\/index.php\/2019\/12\/29\/u-jagodini-obelezeno-800-godina-autokefalnosti-spc\/","title":{"rendered":"U JAGODINI OBELE\u017dENO 800 GODINA AUTOKEFALNOSTI SPC"},"content":{"rendered":"<p>JAGODINA- Povodom obele\u017eavanja jubileja 800 godina \u00a0vekova SPC, na Fakultetu pedago\u0161kih nauka u Jagodini postavljena je izlo\u017eba i predstavljena publikacija \u201eStare rukopisne i \u0161tampane knjige na teritoriji Arhijerejskog nemesni\u0161tva beli\u010dkog\u201c. Ovo izdanje Arhijerejskog namesni\u0161tva beli\u010dkog kao koizdava\u010d podr\u017eao nastojatelj manastira Jo\u0161anice \u00a0arhimandrit Evtimije, a realizacija projekta je sprovedena u saradnji sa narodnom bibliotekom \u201eRadislav Nik\u010devi\u0107\u201c u Jagodini. Autori publikacije su protonamesnik Milomir Todorovi\u0107 i Nada Dimitrijevi\u0107, vi\u0161i bibliotekar.<br \/>\nU pretprazni\u010dne bo\u017ei\u0107ne dane, foaje Fakulteta pedago\u0161kih nauka bio je premali da primi sve one koji su \u017eeleli da prisustvuju ovom prazniku kulture i pismenosti u Jagodini. Hor crkve Svetih apostola Petra i Pavla pod rukovo\u0111enjem Ljiljane Milesuni\u0107 Markovi\u0107 otvorio je ovo sve\u010dano ve\u010de himnom Presvetoj Bogorodici. Posle uvodne re\u010di autorke Nade Dimitrijevi\u0107, re\u010d je uzeo vladika Jovan koji je naglasio va\u017enost o\u010duvanja stare pisane i \u0161tampane re\u010di. Naro\u010dito koliko je to va\u017eno u prespektivi dugog i plodnog trajanja kulture jednog naroda kao \u0161to je to srpski narod. Savetnica ministra za kulturu i informisanje, Gordana Gavri\u0107, iskazala je svoje odu\u0161evljenje velikim trudom i radom autora publikacije, te ukazala na njen zna\u010daj za kulturu Srbije. Dekan Pravoslavnog bogoslovskog fakulteta Univerziteta u Beogradu, \u0111akon dr Zoran Rankovi\u0107, podsetio je prisutne na po\u010detke slovenske pismenosti i njegove utemeljiva\u010de, kao i na posebno mesto u na\u0161em dru\u0161tvu onih koji su na putu o\u010duvanja i nastavljanja njihovog prosvetiteljskog dela. Dr \u017darko Vojnovi\u0107, na\u010delnik odeljenja za bibliografiju u Narodnoj biblioteci Srbije, skrenuo je pa\u017enju prisutnih na izuzetan entuzijazam autora publikacije. On je naglasio da je Jagodina, kao manja sredina u kojoj je do\u0161lo do prire\u0111ivanja ovakvog dela, jedan izuzetak, s obzirom na to da su uobi\u010dajena mesta za ovakve poduhvate veliki akademski centri.<br \/>\nU pozdravnoj re\u010di, otac Milomir Todorovi\u0107 je pre svega zahvalio vladici Jovanu na blagoslovu i prisustvu, zatim svim u\u010desnicima i saradnicima na realizaciji projekta i pozvao sve prisutne da pogledaju pripremljenu izlo\u017ebu, kao i izlo\u017ebu o \u017eivotu i radu igumanije manastira Vra\u0107ev\u0161nice Ane Ad\u017ei\u0107, k\u0107erke \u010duvenog osniva\u010da U\u010diteljske \u0161kole u Jagodini, Sretena Ad\u017ei\u0107a<\/p>\n<p>autor verou\u010ditelj Uglje\u0161a Uro\u0161evi\u0107.<\/p>\n<p>&nbsp;<\/p>\n","protected":false},"excerpt":{"rendered":"<p>JAGODINA- Povodom obele\u017eavanja jubileja 800 godina \u00a0vekova SPC, na Fakultetu pedago\u0161kih nauka u Jagodini postavljena je izlo\u017eba i predstavljena publikacija \u201eStare rukopisne i \u0161tampane knjige &hellip; <\/p>\n","protected":false},"author":2,"featured_media":21949,"comment_status":"open","ping_status":"open","sticky":false,"template":"","format":"standard","meta":{"footnotes":""},"categories":[14,1524,2,1514,12],"tags":[4320,2531,649],"_links":{"self":[{"href":"https:\/\/centralmedia.rs\/index.php\/wp-json\/wp\/v2\/posts\/21948"}],"collection":[{"href":"https:\/\/centralmedia.rs\/index.php\/wp-json\/wp\/v2\/posts"}],"about":[{"href":"https:\/\/centralmedia.rs\/index.php\/wp-json\/wp\/v2\/types\/post"}],"author":[{"embeddable":true,"href":"https:\/\/centralmedia.rs\/index.php\/wp-json\/wp\/v2\/users\/2"}],"replies":[{"embeddable":true,"href":"https:\/\/centralmedia.rs\/index.php\/wp-json\/wp\/v2\/comments?post=21948"}],"version-history":[{"count":1,"href":"https:\/\/centralmedia.rs\/index.php\/wp-json\/wp\/v2\/posts\/21948\/revisions"}],"predecessor-version":[{"id":21950,"href":"https:\/\/centralmedia.rs\/index.php\/wp-json\/wp\/v2\/posts\/21948\/revisions\/21950"}],"wp:featuredmedia":[{"embeddable":true,"href":"https:\/\/centralmedia.rs\/index.php\/wp-json\/wp\/v2\/media\/21949"}],"wp:attachment":[{"href":"https:\/\/centralmedia.rs\/index.php\/wp-json\/wp\/v2\/media?parent=21948"}],"wp:term":[{"taxonomy":"category","embeddable":true,"href":"https:\/\/centralmedia.rs\/index.php\/wp-json\/wp\/v2\/categories?post=21948"},{"taxonomy":"post_tag","embeddable":true,"href":"https:\/\/centralmedia.rs\/index.php\/wp-json\/wp\/v2\/tags?post=21948"}],"curies":[{"name":"wp","href":"https:\/\/api.w.org\/{rel}","templated":true}]}}