{"id":2196,"date":"2016-02-24T14:19:35","date_gmt":"2016-02-24T14:19:35","guid":{"rendered":"http:\/\/centralmedia.rs\/?p=2196"},"modified":"2016-02-24T14:19:35","modified_gmt":"2016-02-24T14:19:35","slug":"u-kusiljevu-kod-svilajnca-vucic-poceo-obnovu-zdravstvenih-ustanova","status":"publish","type":"post","link":"https:\/\/centralmedia.rs\/index.php\/2016\/02\/24\/u-kusiljevu-kod-svilajnca-vucic-poceo-obnovu-zdravstvenih-ustanova\/","title":{"rendered":"U KU\u0160ILJEVU  KOD SVILAJNCA &#8211; VU\u010cI\u0106 PO\u010cEO OBNOVU ZDRAVSTVENIH USTANOVA"},"content":{"rendered":"<p>SVILAJNAC-Predsednik Vlade Srbije Aleksandar Vu\u010di\u0107 danas je u Ku\u0161iljevu kod Svilajnca u seoskoj ambulanti simiboli\u010dno obele\u017eio po\u010detak obnove zdravstvenih ustanova u Srbiji, za koju je ocenio da \u0107e trajati od godinu ipo do tri godine. Sa njim su bili ministri prosvete Sr\u0111an Vrebi\u0107 i zdravlja Zlatibor Lon\u010dar, kao i direktor Kancelarije za obnovu i razvoj Marko Blagojevi\u0107. Tom prilikom potpisani su ugovori izme\u0111u op\u0161tine i izvo\u0111a\u010da radova na ambulanti.<br \/>\n\t&#8211; Iz Ku\u0161iljeva i formalno kre\u0107emo u akciju obnove i rekonstrukcije \u0161kola, bolnica, domova zdravlja i ambulanti, objekta koji nisu obnavljani po nekoliko decenija. Krenu\u0107emo obnovu klini\u010dkih centara u Beogradu i Ni\u0161u, trenutno radimo na 152 objekta u zdravstvu,  16 zavr\u0161eno i 23 se radi, dok su ostali u proceduri. Bolji \u017eivot standard su, pored plata i penzija, urednije \u0161kole,  \u010distiji domovi zdravlja i ambulante. \u017delim da obi\u0111em svaki toalet, jer ljudi \u017eele da vide da se neko brine i o malim stvarima, rekao je Vu\u010di\u0107 obra\u0107aju\u0107i se okupljenim gra\u0111anima ispred seoske ambulante.<br \/>\n Obnova zdravstvne ambulante u Ku\u0161iljevu ko\u0161ta\u0107e 9 miliona dinara i bi\u0107e zavr\u0161ena za 30 dana. <a href=\"https:\/\/centralmedia.rs\/wp-content\/uploads\/2016\/02\/vucic-i-milanovic-ispred-ambulante-svilajnac-g.j..jpg\" rel=\"attachment wp-att-2198\"><img loading=\"lazy\" decoding=\"async\" src=\"https:\/\/centralmedia.rs\/wp-content\/uploads\/2016\/02\/vucic-i-milanovic-ispred-ambulante-svilajnac-g.j.-300x241.jpg\" alt=\"vucic i milanovic ispred ambulante-svilajnac-g.j.\" width=\"300\" height=\"241\" class=\"alignnone size-medium wp-image-2198\" srcset=\"https:\/\/centralmedia.rs\/wp-content\/uploads\/2016\/02\/vucic-i-milanovic-ispred-ambulante-svilajnac-g.j.-300x241.jpg 300w, https:\/\/centralmedia.rs\/wp-content\/uploads\/2016\/02\/vucic-i-milanovic-ispred-ambulante-svilajnac-g.j.-768x618.jpg 768w, https:\/\/centralmedia.rs\/wp-content\/uploads\/2016\/02\/vucic-i-milanovic-ispred-ambulante-svilajnac-g.j..jpg 900w\" sizes=\"(max-width: 300px) 100vw, 300px\" \/><\/a><br \/>\n-Drago mi je da ovaj veliki posao kre\u0107e iz Ku\u0161iljeva. Nije bilo primera skorije da je vlada ulagala u op\u0161tine gde su predsednici iz opozicionih stranaka.Zbog toga zahvaljujem vladi, jer nisu vodili ra\u010duna o strana\u010dkim bojama ve\u0107 o tome ko ima projektnu dokumentaciju i dobro radi, rekao je predsednik te op\u0161tine Predrag Milanovi\u0107, koji je ocenio da je u Svilajncu zavr\u0161ena obnova objekata o\u0161te\u0107enih u poplavama.<br \/>\n<a href=\"https:\/\/centralmedia.rs\/wp-content\/uploads\/2016\/02\/vucic-u-skoli-sviljanc-g.j..jpg\" rel=\"attachment wp-att-2199\"><img loading=\"lazy\" decoding=\"async\" src=\"https:\/\/centralmedia.rs\/wp-content\/uploads\/2016\/02\/vucic-u-skoli-sviljanc-g.j.-300x231.jpg\" alt=\"vucic u skoli-sviljanc-g.j.\" width=\"300\" height=\"231\" class=\"alignnone size-medium wp-image-2199\" srcset=\"https:\/\/centralmedia.rs\/wp-content\/uploads\/2016\/02\/vucic-u-skoli-sviljanc-g.j.-300x231.jpg 300w, https:\/\/centralmedia.rs\/wp-content\/uploads\/2016\/02\/vucic-u-skoli-sviljanc-g.j.-768x591.jpg 768w, https:\/\/centralmedia.rs\/wp-content\/uploads\/2016\/02\/vucic-u-skoli-sviljanc-g.j..jpg 900w\" sizes=\"(max-width: 300px) 100vw, 300px\" \/><\/a><br \/>\nVu\u010di\u0107 je sa ministrima posetio i Srednju \u0161kolu u Svilajncu gde se zavr\u0161ava obnova objekata u vrednosti 60 miliona dinara.<\/p>\n","protected":false},"excerpt":{"rendered":"<p>SVILAJNAC-Predsednik Vlade Srbije Aleksandar Vu\u010di\u0107 danas je u Ku\u0161iljevu kod Svilajnca u seoskoj ambulanti simiboli\u010dno obele\u017eio po\u010detak obnove zdravstvenih ustanova u Srbiji, za koju je &hellip; <\/p>\n","protected":false},"author":4,"featured_media":2197,"comment_status":"open","ping_status":"open","sticky":false,"template":"","format":"standard","meta":{"footnotes":""},"categories":[14,2,12],"tags":[566,564,38,63,565],"_links":{"self":[{"href":"https:\/\/centralmedia.rs\/index.php\/wp-json\/wp\/v2\/posts\/2196"}],"collection":[{"href":"https:\/\/centralmedia.rs\/index.php\/wp-json\/wp\/v2\/posts"}],"about":[{"href":"https:\/\/centralmedia.rs\/index.php\/wp-json\/wp\/v2\/types\/post"}],"author":[{"embeddable":true,"href":"https:\/\/centralmedia.rs\/index.php\/wp-json\/wp\/v2\/users\/4"}],"replies":[{"embeddable":true,"href":"https:\/\/centralmedia.rs\/index.php\/wp-json\/wp\/v2\/comments?post=2196"}],"version-history":[{"count":0,"href":"https:\/\/centralmedia.rs\/index.php\/wp-json\/wp\/v2\/posts\/2196\/revisions"}],"wp:featuredmedia":[{"embeddable":true,"href":"https:\/\/centralmedia.rs\/index.php\/wp-json\/wp\/v2\/media\/2197"}],"wp:attachment":[{"href":"https:\/\/centralmedia.rs\/index.php\/wp-json\/wp\/v2\/media?parent=2196"}],"wp:term":[{"taxonomy":"category","embeddable":true,"href":"https:\/\/centralmedia.rs\/index.php\/wp-json\/wp\/v2\/categories?post=2196"},{"taxonomy":"post_tag","embeddable":true,"href":"https:\/\/centralmedia.rs\/index.php\/wp-json\/wp\/v2\/tags?post=2196"}],"curies":[{"name":"wp","href":"https:\/\/api.w.org\/{rel}","templated":true}]}}