{"id":21982,"date":"2019-12-30T21:27:27","date_gmt":"2019-12-30T21:27:27","guid":{"rendered":"http:\/\/centralmedia.rs\/?p=21982"},"modified":"2020-01-22T15:19:38","modified_gmt":"2020-01-22T15:19:38","slug":"luda-zurka-grmi-u-novogodisnjoj-sumi-foto","status":"publish","type":"post","link":"https:\/\/centralmedia.rs\/index.php\/2019\/12\/30\/luda-zurka-grmi-u-novogodisnjoj-sumi-foto\/","title":{"rendered":",,LUDA \u017dURKA GRMI U NOVOGODI\u0160NJOJ \u0160UMI&#8221; (FOTO)"},"content":{"rendered":"<p>SVILAJNAC- TV Centar iz Svilajnca novogodi\u0161nji program posveti\u0107e najmla\u0111ima. Podnazivom ,,Luda \u017eurka grmi u novogodi\u0161njoj \u0161umi&#8221; \u00a031. decembra u 21.05 sati po\u010dinje \u010darolija.<\/p>\n<p>&#8211; Blizu 450 dece u\u010destvuje u novogodi\u0161njoj emisiji koja \u0107e na programu TvCentra biti emitovana 31. decembra 2019. od 21:05, pa sve do Nove 2020.godine, najavljuju iz te medijske ku\u0107e.<\/p>\n<div id='gallery-1' class='gallery galleryid-21982 gallery-columns-9 gallery-size-thumbnail'><figure class='gallery-item'>\n\t\t\t<div class='gallery-icon portrait'>\n\t\t\t\t<a href='https:\/\/centralmedia.rs\/index.php\/2019\/12\/30\/luda-zurka-grmi-u-novogodisnjoj-sumi-foto\/novogodisnja\/'><img loading=\"lazy\" decoding=\"async\" width=\"150\" height=\"150\" src=\"https:\/\/centralmedia.rs\/wp-content\/uploads\/2019\/12\/novogodisnja-150x150.jpg\" class=\"attachment-thumbnail size-thumbnail\" alt=\"\" \/><\/a>\n\t\t\t<\/div><\/figure><figure class='gallery-item'>\n\t\t\t<div class='gallery-icon landscape'>\n\t\t\t\t<a href='https:\/\/centralmedia.rs\/index.php\/2019\/12\/30\/luda-zurka-grmi-u-novogodisnjoj-sumi-foto\/novogodisnja1\/'><img loading=\"lazy\" decoding=\"async\" width=\"150\" height=\"150\" src=\"https:\/\/centralmedia.rs\/wp-content\/uploads\/2019\/12\/novogodisnja1-150x150.jpg\" class=\"attachment-thumbnail size-thumbnail\" alt=\"\" \/><\/a>\n\t\t\t<\/div><\/figure><figure class='gallery-item'>\n\t\t\t<div class='gallery-icon landscape'>\n\t\t\t\t<a href='https:\/\/centralmedia.rs\/index.php\/2019\/12\/30\/luda-zurka-grmi-u-novogodisnjoj-sumi-foto\/novogodisnja2\/'><img loading=\"lazy\" decoding=\"async\" width=\"150\" height=\"150\" src=\"https:\/\/centralmedia.rs\/wp-content\/uploads\/2019\/12\/novogodisnja2-150x150.jpg\" class=\"attachment-thumbnail size-thumbnail\" alt=\"\" \/><\/a>\n\t\t\t<\/div><\/figure><figure class='gallery-item'>\n\t\t\t<div class='gallery-icon landscape'>\n\t\t\t\t<a href='https:\/\/centralmedia.rs\/index.php\/2019\/12\/30\/luda-zurka-grmi-u-novogodisnjoj-sumi-foto\/novogodisnja3\/'><img loading=\"lazy\" decoding=\"async\" width=\"150\" height=\"150\" src=\"https:\/\/centralmedia.rs\/wp-content\/uploads\/2019\/12\/novogodisnja3-150x150.jpg\" class=\"attachment-thumbnail size-thumbnail\" alt=\"\" \/><\/a>\n\t\t\t<\/div><\/figure><figure class='gallery-item'>\n\t\t\t<div class='gallery-icon landscape'>\n\t\t\t\t<a href='https:\/\/centralmedia.rs\/index.php\/2019\/12\/30\/luda-zurka-grmi-u-novogodisnjoj-sumi-foto\/priprema\/'><img loading=\"lazy\" decoding=\"async\" width=\"150\" height=\"150\" src=\"https:\/\/centralmedia.rs\/wp-content\/uploads\/2019\/12\/priprema-150x150.jpg\" class=\"attachment-thumbnail size-thumbnail\" alt=\"\" \/><\/a>\n\t\t\t<\/div><\/figure><figure class='gallery-item'>\n\t\t\t<div class='gallery-icon landscape'>\n\t\t\t\t<a href='https:\/\/centralmedia.rs\/index.php\/2019\/12\/30\/luda-zurka-grmi-u-novogodisnjoj-sumi-foto\/priprema1\/'><img loading=\"lazy\" decoding=\"async\" width=\"150\" height=\"150\" src=\"https:\/\/centralmedia.rs\/wp-content\/uploads\/2019\/12\/priprema1-150x150.jpg\" class=\"attachment-thumbnail size-thumbnail\" alt=\"\" \/><\/a>\n\t\t\t<\/div><\/figure><figure class='gallery-item'>\n\t\t\t<div class='gallery-icon landscape'>\n\t\t\t\t<a href='https:\/\/centralmedia.rs\/index.php\/2019\/12\/30\/luda-zurka-grmi-u-novogodisnjoj-sumi-foto\/priprema2\/'><img loading=\"lazy\" decoding=\"async\" width=\"150\" height=\"150\" src=\"https:\/\/centralmedia.rs\/wp-content\/uploads\/2019\/12\/priprema2-150x150.jpg\" class=\"attachment-thumbnail size-thumbnail\" alt=\"\" \/><\/a>\n\t\t\t<\/div><\/figure><figure class='gallery-item'>\n\t\t\t<div class='gallery-icon landscape'>\n\t\t\t\t<a href='https:\/\/centralmedia.rs\/index.php\/2019\/12\/30\/luda-zurka-grmi-u-novogodisnjoj-sumi-foto\/priprema4\/'><img loading=\"lazy\" decoding=\"async\" width=\"150\" height=\"150\" src=\"https:\/\/centralmedia.rs\/wp-content\/uploads\/2019\/12\/priprema4-150x150.jpg\" class=\"attachment-thumbnail size-thumbnail\" alt=\"\" \/><\/a>\n\t\t\t<\/div><\/figure><figure class='gallery-item'>\n\t\t\t<div class='gallery-icon landscape'>\n\t\t\t\t<a href='https:\/\/centralmedia.rs\/index.php\/2019\/12\/30\/luda-zurka-grmi-u-novogodisnjoj-sumi-foto\/priprema5\/'><img loading=\"lazy\" decoding=\"async\" width=\"150\" height=\"150\" src=\"https:\/\/centralmedia.rs\/wp-content\/uploads\/2019\/12\/priprema5-150x150.jpg\" class=\"attachment-thumbnail size-thumbnail\" alt=\"\" \/><\/a>\n\t\t\t<\/div><\/figure>\n\t\t<\/div>\n\n<p>TV Centar svoj Novogodi\u0161nji program u potpunosti posvetio najmla\u0111ima.<\/p>\n<p>-I ove godine na\u0161i saradnici i prijatelji pomogli su nam u pripremama pravog malog \u0161ou-programa, a glavne uloge u na\u0161oj novogodi\u0161njoj \u010daroliji imaju deca iz vrti\u0107a, osnovnih, muzi\u010dkih, dramskih i plesnih \u0161kola, stoji u najavi.<\/p>\n<p>Originalna scenografija, koju zaposleni i prijatelji TV Centra prave svake godine posebna je pri\u010da. \u017diveli!<\/p>\n","protected":false},"excerpt":{"rendered":"<p>SVILAJNAC- TV Centar iz Svilajnca novogodi\u0161nji program posveti\u0107e najmla\u0111ima. Podnazivom ,,Luda \u017eurka grmi u novogodi\u0161njoj \u0161umi&#8221; \u00a031. decembra u 21.05 sati po\u010dinje \u010darolija. &#8211; Blizu &hellip; <\/p>\n","protected":false},"author":2,"featured_media":21983,"comment_status":"open","ping_status":"open","sticky":false,"template":"","format":"standard","meta":{"footnotes":""},"categories":[1524,2,23,887,1517,30],"tags":[205,38,264],"_links":{"self":[{"href":"https:\/\/centralmedia.rs\/index.php\/wp-json\/wp\/v2\/posts\/21982"}],"collection":[{"href":"https:\/\/centralmedia.rs\/index.php\/wp-json\/wp\/v2\/posts"}],"about":[{"href":"https:\/\/centralmedia.rs\/index.php\/wp-json\/wp\/v2\/types\/post"}],"author":[{"embeddable":true,"href":"https:\/\/centralmedia.rs\/index.php\/wp-json\/wp\/v2\/users\/2"}],"replies":[{"embeddable":true,"href":"https:\/\/centralmedia.rs\/index.php\/wp-json\/wp\/v2\/comments?post=21982"}],"version-history":[{"count":1,"href":"https:\/\/centralmedia.rs\/index.php\/wp-json\/wp\/v2\/posts\/21982\/revisions"}],"predecessor-version":[{"id":21992,"href":"https:\/\/centralmedia.rs\/index.php\/wp-json\/wp\/v2\/posts\/21982\/revisions\/21992"}],"wp:featuredmedia":[{"embeddable":true,"href":"https:\/\/centralmedia.rs\/index.php\/wp-json\/wp\/v2\/media\/21983"}],"wp:attachment":[{"href":"https:\/\/centralmedia.rs\/index.php\/wp-json\/wp\/v2\/media?parent=21982"}],"wp:term":[{"taxonomy":"category","embeddable":true,"href":"https:\/\/centralmedia.rs\/index.php\/wp-json\/wp\/v2\/categories?post=21982"},{"taxonomy":"post_tag","embeddable":true,"href":"https:\/\/centralmedia.rs\/index.php\/wp-json\/wp\/v2\/tags?post=21982"}],"curies":[{"name":"wp","href":"https:\/\/api.w.org\/{rel}","templated":true}]}}